{"id":730,"date":"2023-11-27T17:55:55","date_gmt":"2023-11-27T20:55:55","guid":{"rendered":"https:\/\/ods.ufac.br\/?p=730"},"modified":"2023-12-19T20:02:03","modified_gmt":"2023-12-19T23:02:03","slug":"projeto-de-intervencao-da-equipe-de-candeias-do-jamari-rondonia","status":"publish","type":"post","link":"https:\/\/ods.ufac.br\/?p=730","title":{"rendered":"Projeto de Interven\u00e7\u00e3o da Equipe de Cand\u00eaias do Jamari &#8211; Rond\u00f4nia"},"content":{"rendered":"\n<p>A equipe de Rond\u00f4nia do projeto &#8220;Fortalecimento e Interioriza\u00e7\u00e3o da  agenda 2030 dos Objetivos de Desenvolvimento Sustent\u00e1vel (ODS) na Amaz\u00f4nia Legal&#8221; est\u00e1 produziu um v\u00eddeo educativo dedicado \u00e0 promo\u00e7\u00e3o de uma alimenta\u00e7\u00e3o saud\u00e1vel e \u00e0 pr\u00e1tica de exerc\u00edcios destinados a pessoas com idades entre 8 e 14 anos. Atrav\u00e9s do curso  ODS e sua Interface com as DANT&#8221;, a equipe do munic\u00edpio de Candeias do Jamari realizar\u00e1 a\u00e7\u00f5es educativas focadas no ODS 3, que trata de &#8220;sa\u00fade e bem-estar&#8221;, como principal a\u00e7\u00e3o do curso.<\/p>\n\n\n\n<div style=\"height:34px\" aria-hidden=\"true\" class=\"wp-block-spacer\"><\/div>\n\n\n\n<p>Siga o nosso perfil do Instagram para mais eventos com este: https:\/\/www.instagram.com\/ods_amazonia.ocidental\/ <\/p>\n\n\n\n<div style=\"height:63px\" aria-hidden=\"true\" class=\"wp-block-spacer\"><\/div>\n\n\n\n<figure class=\"wp-block-video\"><video controls src=\"https:\/\/ods.ufac.br\/wp-content\/uploads\/2023\/11\/WhatsApp-Video-2023-11-27-at-15.37.36.mp4\"><\/video><figcaption><strong>V\u00eddeo educativo sobre alimenta\u00e7\u00e3o saud\u00e1vel e \u00e0 pr\u00e1tica de exerc\u00edcios.<\/strong><\/figcaption><\/figure>\n","protected":false},"excerpt":{"rendered":"<p>A equipe de Rond\u00f4nia do projeto &#8220;Fortalecimento e Interioriza\u00e7\u00e3o da agenda 2030 dos Objetivos de Desenvolvimento Sustent\u00e1vel (ODS) na Amaz\u00f4nia Legal&#8221; est\u00e1 produziu um v\u00eddeo educativo dedicado \u00e0 promo\u00e7\u00e3o de uma alimenta\u00e7\u00e3o saud\u00e1vel e \u00e0 pr\u00e1tica de exerc\u00edcios destinados a pessoas com idades entre 8 e 14 anos. Atrav\u00e9s do curso ODS e sua Interface&hellip; <a class=\"more-link\" href=\"https:\/\/ods.ufac.br\/?p=730\">Continuar lendo <span class=\"screen-reader-text\">Projeto de Interven\u00e7\u00e3o da Equipe de Cand\u00eaias do Jamari &#8211; Rond\u00f4nia<\/span><\/a><\/p>\n","protected":false},"author":1,"featured_media":732,"comment_status":"open","ping_status":"open","sticky":false,"template":"","format":"standard","meta":[],"categories":[12],"tags":[],"_links":{"self":[{"href":"https:\/\/ods.ufac.br\/index.php?rest_route=\/wp\/v2\/posts\/730"}],"collection":[{"href":"https:\/\/ods.ufac.br\/index.php?rest_route=\/wp\/v2\/posts"}],"about":[{"href":"https:\/\/ods.ufac.br\/index.php?rest_route=\/wp\/v2\/types\/post"}],"author":[{"embeddable":true,"href":"https:\/\/ods.ufac.br\/index.php?rest_route=\/wp\/v2\/users\/1"}],"replies":[{"embeddable":true,"href":"https:\/\/ods.ufac.br\/index.php?rest_route=%2Fwp%2Fv2%2Fcomments&post=730"}],"version-history":[{"count":4,"href":"https:\/\/ods.ufac.br\/index.php?rest_route=\/wp\/v2\/posts\/730\/revisions"}],"predecessor-version":[{"id":744,"href":"https:\/\/ods.ufac.br\/index.php?rest_route=\/wp\/v2\/posts\/730\/revisions\/744"}],"wp:featuredmedia":[{"embeddable":true,"href":"https:\/\/ods.ufac.br\/index.php?rest_route=\/wp\/v2\/media\/732"}],"wp:attachment":[{"href":"https:\/\/ods.ufac.br\/index.php?rest_route=%2Fwp%2Fv2%2Fmedia&parent=730"}],"wp:term":[{"taxonomy":"category","embeddable":true,"href":"https:\/\/ods.ufac.br\/index.php?rest_route=%2Fwp%2Fv2%2Fcategories&post=730"},{"taxonomy":"post_tag","embeddable":true,"href":"https:\/\/ods.ufac.br\/index.php?rest_route=%2Fwp%2Fv2%2Ftags&post=730"}],"curies":[{"name":"wp","href":"https:\/\/api.w.org\/{rel}","templated":true}]}}