{"id":723,"date":"2023-11-22T18:37:25","date_gmt":"2023-11-22T21:37:25","guid":{"rendered":"https:\/\/ods.ufac.br\/?p=723"},"modified":"2023-12-19T20:02:14","modified_gmt":"2023-12-19T23:02:14","slug":"acoes-do-projeto-de-intervencao-no-municipio-de-rio-branco-dia-d","status":"publish","type":"post","link":"https:\/\/ods.ufac.br\/?p=723","title":{"rendered":"A\u00e7\u00f5es do projeto de interven\u00e7\u00e3o no munic\u00edpio de Rio Branco: Dia &#8220;D&#8221;"},"content":{"rendered":"\n<p>No dia 14 de novembro de 2023 a equipe ODS junto com a Equipe de Sa\u00fade da Unidade Sa\u00fade da Fam\u00edlia Rui Lino realizaram a\u00e7\u00f5es com os idosos: Aferimento de press\u00e3o arterial, glicemia, orienta\u00e7\u00f5es nutricionais individual e coletiva, atividade f\u00edsica relaxante, lanche, bingo com pr\u00eamios e forr\u00f3 (com m\u00fasicos idosos).<\/p>\n\n\n\n<p>A a\u00e7\u00e3o contou com a participa\u00e7\u00e3o da Coordenadora Geral do projeto ODS: Profa. Dra. Herleis (UFAC).<\/p>\n\n\n\n<figure class=\"wp-block-image size-full\"><img fetchpriority=\"high\" width=\"642\" height=\"414\" src=\"https:\/\/ods.ufac.br\/wp-content\/uploads\/2023\/11\/Acao-RB-SC.png\" alt=\"\" class=\"wp-image-725\" srcset=\"https:\/\/ods.ufac.br\/wp-content\/uploads\/2023\/11\/Acao-RB-SC.png 642w, https:\/\/ods.ufac.br\/wp-content\/uploads\/2023\/11\/Acao-RB-SC-300x193.png 300w\" sizes=\"(max-width: 642px) 100vw, 642px\" \/><\/figure>\n\n\n\n<figure class=\"wp-block-image size-full\"><img width=\"641\" height=\"360\" src=\"https:\/\/ods.ufac.br\/wp-content\/uploads\/2023\/11\/Acao-RB-SC-2.png\" alt=\"\" class=\"wp-image-724\" srcset=\"https:\/\/ods.ufac.br\/wp-content\/uploads\/2023\/11\/Acao-RB-SC-2.png 641w, https:\/\/ods.ufac.br\/wp-content\/uploads\/2023\/11\/Acao-RB-SC-2-300x168.png 300w\" sizes=\"(max-width: 641px) 100vw, 641px\" \/><\/figure>\n\n\n\n<figure class=\"wp-block-image size-full\"><img width=\"896\" height=\"893\" src=\"https:\/\/ods.ufac.br\/wp-content\/uploads\/2023\/11\/Acao-RB-SC-3.png\" alt=\"\" class=\"wp-image-726\" srcset=\"https:\/\/ods.ufac.br\/wp-content\/uploads\/2023\/11\/Acao-RB-SC-3.png 896w, https:\/\/ods.ufac.br\/wp-content\/uploads\/2023\/11\/Acao-RB-SC-3-300x300.png 300w, https:\/\/ods.ufac.br\/wp-content\/uploads\/2023\/11\/Acao-RB-SC-3-150x150.png 150w, https:\/\/ods.ufac.br\/wp-content\/uploads\/2023\/11\/Acao-RB-SC-3-768x765.png 768w\" sizes=\"(max-width: 896px) 100vw, 896px\" \/><\/figure>\n\n\n\n<figure class=\"wp-block-video\"><video controls src=\"https:\/\/ods.ufac.br\/wp-content\/uploads\/2023\/11\/WhatsApp-Video-2023-11-21-at-10.31.39.mp4\"><\/video><\/figure>\n","protected":false},"excerpt":{"rendered":"<p>No dia 14 de novembro de 2023 a equipe ODS junto com a Equipe de Sa\u00fade da Unidade Sa\u00fade da Fam\u00edlia Rui Lino realizaram a\u00e7\u00f5es com os idosos: Aferimento de press\u00e3o arterial, glicemia, orienta\u00e7\u00f5es nutricionais individual e coletiva, atividade f\u00edsica relaxante, lanche, bingo com pr\u00eamios e forr\u00f3 (com m\u00fasicos idosos). A a\u00e7\u00e3o contou com a&hellip; <a class=\"more-link\" href=\"https:\/\/ods.ufac.br\/?p=723\">Continuar lendo <span class=\"screen-reader-text\">A\u00e7\u00f5es do projeto de interven\u00e7\u00e3o no munic\u00edpio de Rio Branco: Dia &#8220;D&#8221;<\/span><\/a><\/p>\n","protected":false},"author":1,"featured_media":728,"comment_status":"open","ping_status":"open","sticky":false,"template":"","format":"standard","meta":[],"categories":[13],"tags":[],"_links":{"self":[{"href":"https:\/\/ods.ufac.br\/index.php?rest_route=\/wp\/v2\/posts\/723"}],"collection":[{"href":"https:\/\/ods.ufac.br\/index.php?rest_route=\/wp\/v2\/posts"}],"about":[{"href":"https:\/\/ods.ufac.br\/index.php?rest_route=\/wp\/v2\/types\/post"}],"author":[{"embeddable":true,"href":"https:\/\/ods.ufac.br\/index.php?rest_route=\/wp\/v2\/users\/1"}],"replies":[{"embeddable":true,"href":"https:\/\/ods.ufac.br\/index.php?rest_route=%2Fwp%2Fv2%2Fcomments&post=723"}],"version-history":[{"count":1,"href":"https:\/\/ods.ufac.br\/index.php?rest_route=\/wp\/v2\/posts\/723\/revisions"}],"predecessor-version":[{"id":729,"href":"https:\/\/ods.ufac.br\/index.php?rest_route=\/wp\/v2\/posts\/723\/revisions\/729"}],"wp:featuredmedia":[{"embeddable":true,"href":"https:\/\/ods.ufac.br\/index.php?rest_route=\/wp\/v2\/media\/728"}],"wp:attachment":[{"href":"https:\/\/ods.ufac.br\/index.php?rest_route=%2Fwp%2Fv2%2Fmedia&parent=723"}],"wp:term":[{"taxonomy":"category","embeddable":true,"href":"https:\/\/ods.ufac.br\/index.php?rest_route=%2Fwp%2Fv2%2Fcategories&post=723"},{"taxonomy":"post_tag","embeddable":true,"href":"https:\/\/ods.ufac.br\/index.php?rest_route=%2Fwp%2Fv2%2Ftags&post=723"}],"curies":[{"name":"wp","href":"https:\/\/api.w.org\/{rel}","templated":true}]}}