{"id":718,"date":"2023-11-22T17:48:13","date_gmt":"2023-11-22T20:48:13","guid":{"rendered":"https:\/\/ods.ufac.br\/?p=718"},"modified":"2023-12-19T20:02:28","modified_gmt":"2023-12-19T23:02:28","slug":"palestra-objetivo-do-desenvolvimento-sustentavel-ods-com-foco-no-plano-dant-acoes-das-equipes-de-saude-de-roraima","status":"publish","type":"post","link":"https:\/\/ods.ufac.br\/?p=718","title":{"rendered":"Palestra: &#8220;Objetivo do Desenvolvimento Sustent\u00e1vel (ODS) com foco no Plano DANT: a\u00e7\u00f5es das equipes de sa\u00fade de Roraima&#8221;"},"content":{"rendered":"\n<p>No dia 07\/11, a Professora Doutora C\u00edntia Freitas, tutora do projeto ODS, participou do II Ciclo de Confer\u00eancias sobre Enfermagem na promo\u00e7\u00e3o do curso de vida saud\u00e1vel na Universidade Federal de Roraima (UFRR). Durante o evento, ela ministrou uma palestra abordando os Objetivos do Desenvolvimento Sustent\u00e1vel, com \u00eanfase no plano DANT. A apresenta\u00e7\u00e3o incluiu discuss\u00f5es sobre as a\u00e7\u00f5es das equipes de sa\u00fade de Roraima, sendo direcionada aos alunos de gradua\u00e7\u00e3o em enfermagem, contando tamb\u00e9m com a presen\u00e7a de professores do curso na plateia.<\/p>\n\n\n\n<figure class=\"wp-block-image size-full\"><img fetchpriority=\"high\" width=\"894\" height=\"896\" src=\"https:\/\/ods.ufac.br\/wp-content\/uploads\/2023\/11\/Palestra.png\" alt=\"\" class=\"wp-image-720\" srcset=\"https:\/\/ods.ufac.br\/wp-content\/uploads\/2023\/11\/Palestra.png 894w, https:\/\/ods.ufac.br\/wp-content\/uploads\/2023\/11\/Palestra-300x300.png 300w, https:\/\/ods.ufac.br\/wp-content\/uploads\/2023\/11\/Palestra-150x150.png 150w, https:\/\/ods.ufac.br\/wp-content\/uploads\/2023\/11\/Palestra-768x770.png 768w\" sizes=\"(max-width: 894px) 100vw, 894px\" \/><\/figure>\n\n\n\n<figure class=\"wp-block-image size-full\"><img width=\"896\" height=\"896\" src=\"https:\/\/ods.ufac.br\/wp-content\/uploads\/2023\/11\/Palestra-2.png\" alt=\"\" class=\"wp-image-719\" srcset=\"https:\/\/ods.ufac.br\/wp-content\/uploads\/2023\/11\/Palestra-2.png 896w, https:\/\/ods.ufac.br\/wp-content\/uploads\/2023\/11\/Palestra-2-300x300.png 300w, https:\/\/ods.ufac.br\/wp-content\/uploads\/2023\/11\/Palestra-2-150x150.png 150w, https:\/\/ods.ufac.br\/wp-content\/uploads\/2023\/11\/Palestra-2-768x768.png 768w\" sizes=\"(max-width: 896px) 100vw, 896px\" \/><\/figure>\n","protected":false},"excerpt":{"rendered":"<p>No dia 07\/11, a Professora Doutora C\u00edntia Freitas, tutora do projeto ODS, participou do II Ciclo de Confer\u00eancias sobre Enfermagem na promo\u00e7\u00e3o do curso de vida saud\u00e1vel na Universidade Federal de Roraima (UFRR). Durante o evento, ela ministrou uma palestra abordando os Objetivos do Desenvolvimento Sustent\u00e1vel, com \u00eanfase no plano DANT. A apresenta\u00e7\u00e3o incluiu discuss\u00f5es&hellip; <a class=\"more-link\" href=\"https:\/\/ods.ufac.br\/?p=718\">Continuar lendo <span class=\"screen-reader-text\">Palestra: &#8220;Objetivo do Desenvolvimento Sustent\u00e1vel (ODS) com foco no Plano DANT: a\u00e7\u00f5es das equipes de sa\u00fade de Roraima&#8221;<\/span><\/a><\/p>\n","protected":false},"author":1,"featured_media":721,"comment_status":"open","ping_status":"open","sticky":false,"template":"","format":"standard","meta":[],"categories":[15],"tags":[],"_links":{"self":[{"href":"https:\/\/ods.ufac.br\/index.php?rest_route=\/wp\/v2\/posts\/718"}],"collection":[{"href":"https:\/\/ods.ufac.br\/index.php?rest_route=\/wp\/v2\/posts"}],"about":[{"href":"https:\/\/ods.ufac.br\/index.php?rest_route=\/wp\/v2\/types\/post"}],"author":[{"embeddable":true,"href":"https:\/\/ods.ufac.br\/index.php?rest_route=\/wp\/v2\/users\/1"}],"replies":[{"embeddable":true,"href":"https:\/\/ods.ufac.br\/index.php?rest_route=%2Fwp%2Fv2%2Fcomments&post=718"}],"version-history":[{"count":1,"href":"https:\/\/ods.ufac.br\/index.php?rest_route=\/wp\/v2\/posts\/718\/revisions"}],"predecessor-version":[{"id":722,"href":"https:\/\/ods.ufac.br\/index.php?rest_route=\/wp\/v2\/posts\/718\/revisions\/722"}],"wp:featuredmedia":[{"embeddable":true,"href":"https:\/\/ods.ufac.br\/index.php?rest_route=\/wp\/v2\/media\/721"}],"wp:attachment":[{"href":"https:\/\/ods.ufac.br\/index.php?rest_route=%2Fwp%2Fv2%2Fmedia&parent=718"}],"wp:term":[{"taxonomy":"category","embeddable":true,"href":"https:\/\/ods.ufac.br\/index.php?rest_route=%2Fwp%2Fv2%2Fcategories&post=718"},{"taxonomy":"post_tag","embeddable":true,"href":"https:\/\/ods.ufac.br\/index.php?rest_route=%2Fwp%2Fv2%2Ftags&post=718"}],"curies":[{"name":"wp","href":"https:\/\/api.w.org\/{rel}","templated":true}]}}