{"id":711,"date":"2023-11-22T17:38:49","date_gmt":"2023-11-22T20:38:49","guid":{"rendered":"https:\/\/ods.ufac.br\/?p=711"},"modified":"2023-12-19T20:03:04","modified_gmt":"2023-12-19T23:03:04","slug":"criando-habitos-saudaveis","status":"publish","type":"post","link":"https:\/\/ods.ufac.br\/?p=711","title":{"rendered":"Criando h\u00e1bitos saud\u00e1veis"},"content":{"rendered":"\n<p>Manaquiri \u00e9 um munic\u00edpio brasileiro localizado na Regi\u00e3o Metropolitana de Manaus, no estado do Amazonas, seu nome vem das palavras ind\u00edgenas que significam: &#8220;Manah&#8221; = planta medicinal e &#8220;kiri&#8221; = cabe\u00e7a pequena. Por\u00e9m, o nome Manaquiri tem sua origem na Lenda da Formiga.<\/p>\n\n\n\n<p>A equipe ODS nesse munic\u00edpio \u00e9 composta por Edv\u00e3 Junior, Irlene Viana e Suelen Braga, que implementaram o projeto de interven\u00e7\u00e3o intitulado: &#8220;Obesidade\/Sobrepeso: Criando H\u00e1bitos Saud\u00e1veis&#8221;. <\/p>\n\n\n\n<figure class=\"wp-block-image size-full is-resized\"><img fetchpriority=\"high\" src=\"https:\/\/ods.ufac.br\/wp-content\/uploads\/2023\/11\/mana.png\" alt=\"\" class=\"wp-image-712\" width=\"611\" height=\"210\" srcset=\"https:\/\/ods.ufac.br\/wp-content\/uploads\/2023\/11\/mana.png 794w, https:\/\/ods.ufac.br\/wp-content\/uploads\/2023\/11\/mana-300x104.png 300w, https:\/\/ods.ufac.br\/wp-content\/uploads\/2023\/11\/mana-768x265.png 768w\" sizes=\"(max-width: 611px) 100vw, 611px\" \/><\/figure>\n\n\n\n<p>O projeto abrange em m\u00e9dia de 20 idosos e as atividades realizadas s\u00e3o: Caminhada matinal \u00e0s ter\u00e7as-feiras e Exerc\u00edcios funcionais \u00e0s quartas-feiras.<\/p>\n\n\n\n<figure class=\"wp-block-image size-full\"><img width=\"593\" height=\"335\" src=\"https:\/\/ods.ufac.br\/wp-content\/uploads\/2023\/11\/projeto-Mana.png\" alt=\"\" class=\"wp-image-713\" srcset=\"https:\/\/ods.ufac.br\/wp-content\/uploads\/2023\/11\/projeto-Mana.png 593w, https:\/\/ods.ufac.br\/wp-content\/uploads\/2023\/11\/projeto-Mana-300x169.png 300w\" sizes=\"(max-width: 593px) 100vw, 593px\" \/><\/figure>\n\n\n\n<figure class=\"wp-block-image size-full\"><img width=\"897\" height=\"896\" src=\"https:\/\/ods.ufac.br\/wp-content\/uploads\/2023\/11\/Projeto-mana-2.png\" alt=\"\" class=\"wp-image-715\" srcset=\"https:\/\/ods.ufac.br\/wp-content\/uploads\/2023\/11\/Projeto-mana-2.png 897w, https:\/\/ods.ufac.br\/wp-content\/uploads\/2023\/11\/Projeto-mana-2-300x300.png 300w, https:\/\/ods.ufac.br\/wp-content\/uploads\/2023\/11\/Projeto-mana-2-150x150.png 150w, https:\/\/ods.ufac.br\/wp-content\/uploads\/2023\/11\/Projeto-mana-2-768x767.png 768w\" sizes=\"(max-width: 897px) 100vw, 897px\" \/><\/figure>\n\n\n\n<figure class=\"wp-block-image size-full\"><img loading=\"lazy\" width=\"893\" height=\"895\" src=\"https:\/\/ods.ufac.br\/wp-content\/uploads\/2023\/11\/Porjeto-mana.png\" alt=\"\" class=\"wp-image-714\" srcset=\"https:\/\/ods.ufac.br\/wp-content\/uploads\/2023\/11\/Porjeto-mana.png 893w, https:\/\/ods.ufac.br\/wp-content\/uploads\/2023\/11\/Porjeto-mana-300x300.png 300w, https:\/\/ods.ufac.br\/wp-content\/uploads\/2023\/11\/Porjeto-mana-150x150.png 150w, https:\/\/ods.ufac.br\/wp-content\/uploads\/2023\/11\/Porjeto-mana-768x770.png 768w\" sizes=\"(max-width: 893px) 100vw, 893px\" \/><\/figure>\n","protected":false},"excerpt":{"rendered":"<p>Manaquiri \u00e9 um munic\u00edpio brasileiro localizado na Regi\u00e3o Metropolitana de Manaus, no estado do Amazonas, seu nome vem das palavras ind\u00edgenas que significam: &#8220;Manah&#8221; = planta medicinal e &#8220;kiri&#8221; = cabe\u00e7a pequena. Por\u00e9m, o nome Manaquiri tem sua origem na Lenda da Formiga. A equipe ODS nesse munic\u00edpio \u00e9 composta por Edv\u00e3 Junior, Irlene Viana&hellip; <a class=\"more-link\" href=\"https:\/\/ods.ufac.br\/?p=711\">Continuar lendo <span class=\"screen-reader-text\">Criando h\u00e1bitos saud\u00e1veis<\/span><\/a><\/p>\n","protected":false},"author":1,"featured_media":716,"comment_status":"open","ping_status":"open","sticky":false,"template":"","format":"standard","meta":[],"categories":[14],"tags":[],"_links":{"self":[{"href":"https:\/\/ods.ufac.br\/index.php?rest_route=\/wp\/v2\/posts\/711"}],"collection":[{"href":"https:\/\/ods.ufac.br\/index.php?rest_route=\/wp\/v2\/posts"}],"about":[{"href":"https:\/\/ods.ufac.br\/index.php?rest_route=\/wp\/v2\/types\/post"}],"author":[{"embeddable":true,"href":"https:\/\/ods.ufac.br\/index.php?rest_route=\/wp\/v2\/users\/1"}],"replies":[{"embeddable":true,"href":"https:\/\/ods.ufac.br\/index.php?rest_route=%2Fwp%2Fv2%2Fcomments&post=711"}],"version-history":[{"count":1,"href":"https:\/\/ods.ufac.br\/index.php?rest_route=\/wp\/v2\/posts\/711\/revisions"}],"predecessor-version":[{"id":717,"href":"https:\/\/ods.ufac.br\/index.php?rest_route=\/wp\/v2\/posts\/711\/revisions\/717"}],"wp:featuredmedia":[{"embeddable":true,"href":"https:\/\/ods.ufac.br\/index.php?rest_route=\/wp\/v2\/media\/716"}],"wp:attachment":[{"href":"https:\/\/ods.ufac.br\/index.php?rest_route=%2Fwp%2Fv2%2Fmedia&parent=711"}],"wp:term":[{"taxonomy":"category","embeddable":true,"href":"https:\/\/ods.ufac.br\/index.php?rest_route=%2Fwp%2Fv2%2Fcategories&post=711"},{"taxonomy":"post_tag","embeddable":true,"href":"https:\/\/ods.ufac.br\/index.php?rest_route=%2Fwp%2Fv2%2Ftags&post=711"}],"curies":[{"name":"wp","href":"https:\/\/api.w.org\/{rel}","templated":true}]}}