{"id":700,"date":"2023-11-22T17:00:02","date_gmt":"2023-11-22T20:00:02","guid":{"rendered":"https:\/\/ods.ufac.br\/?p=700"},"modified":"2023-12-19T20:03:54","modified_gmt":"2023-12-19T23:03:54","slug":"prevencao-e-combate-a-hipertensao-arterial-atraves-da-alimentacao-centro-do-idoso","status":"publish","type":"post","link":"https:\/\/ods.ufac.br\/?p=700","title":{"rendered":"Preven\u00e7\u00e3o e combate \u00e0 hipertens\u00e3o arterial atrav\u00e9s da alimenta\u00e7\u00e3o &#8211; centro do idoso"},"content":{"rendered":"\n<p>Rio Preto da Eva \u00e9 um munic\u00edpio brasileiro localizado na Regi\u00e3o Metropolitana de Manaus, no estado do Amazonas. Est\u00e1 situado a 78 km da capital amazonense, seu nome veio em consequ\u00eancia das \u00e1guas escuras do rio que banha a localidade desembocado no Paran\u00e1 da Eva. <\/p>\n\n\n\n<p>A equipe ODS Amazonas em Rio Preto da Eva \u00e9 composta pelos cursistas Maria Socorro e Kellem Cruz cm o projeto de interven\u00e7\u00e3o intitulado &#8220;Preven\u00e7\u00e3o e combate a hipertens\u00e3o arterial atrav\u00e9s da alimenta\u00e7\u00e3o &#8211; centro do idoso&#8221; e abrange p\u00fablico de 55 pessoas.<\/p>\n\n\n\n<p>Foram realizadas atividades com a Equipe 08 da Unidade de Sa\u00fade Dr. Hamilton Cidade no Centro de Conviv\u00eancia dos Idosos &#8211; CCI, com consultas de enfermagem, m\u00e9dicas, levantamento de dados antropom\u00e9tricos, realiza\u00e7\u00e3o de a\u00e7\u00e3o de educa\u00e7\u00e3o em sa\u00fade sobre alimenta\u00e7\u00e3o saud\u00e1vel, envolvendo a equipe multidisciplinar para melhor abranger os participantes desse projeto.<\/p>\n\n\n\n<figure class=\"wp-block-image size-full\"><img fetchpriority=\"high\" width=\"756\" height=\"249\" src=\"https:\/\/ods.ufac.br\/wp-content\/uploads\/2023\/11\/RPE.png\" alt=\"\" class=\"wp-image-701\" srcset=\"https:\/\/ods.ufac.br\/wp-content\/uploads\/2023\/11\/RPE.png 756w, https:\/\/ods.ufac.br\/wp-content\/uploads\/2023\/11\/RPE-300x99.png 300w\" sizes=\"(max-width: 756px) 100vw, 756px\" \/><\/figure>\n\n\n\n<p>Dia 10 de agosto de 2023 &#8211; Reuni\u00e3o com a Vigil\u00e2ncia Epidemiol\u00f3gica para alinhar a\u00e7\u00f5es o projeto de &#8220;Preven\u00e7\u00e3o e combate a hipertens\u00e3o arterial atrav\u00e9s da alimenta\u00e7\u00e3o &#8211; centro do idoso&#8221;<\/p>\n\n\n\n<figure class=\"wp-block-image size-full is-resized\"><img src=\"https:\/\/ods.ufac.br\/wp-content\/uploads\/2023\/11\/Reuniao-RPE.png\" alt=\"\" class=\"wp-image-702\" width=\"377\" height=\"501\" srcset=\"https:\/\/ods.ufac.br\/wp-content\/uploads\/2023\/11\/Reuniao-RPE.png 343w, https:\/\/ods.ufac.br\/wp-content\/uploads\/2023\/11\/Reuniao-RPE-226x300.png 226w\" sizes=\"(max-width: 377px) 100vw, 377px\" \/><figcaption><strong>Dia da reuni\u00e3o com a Vigil\u00e2ncia Epidemiol\u00f3gica<\/strong><\/figcaption><\/figure>\n\n\n\n<p>Dia 21de agosto de 2023 &#8211; Reuni\u00e3o com a Coordenadoria do Centro de Conviv\u00eancia do Idoso &#8211; CCI, para apresentar o Projeto de interven\u00e7\u00e3o, solicitar aprova\u00e7\u00e3o e agendar data de in\u00edcio de aplica\u00e7\u00e3o do projeto com os participantes do CCI.<\/p>\n\n\n\n<figure class=\"wp-block-image size-full is-resized\"><img src=\"https:\/\/ods.ufac.br\/wp-content\/uploads\/2023\/11\/Reuniao-com-o-CCI.png\" alt=\"\" class=\"wp-image-703\" width=\"393\" height=\"525\" srcset=\"https:\/\/ods.ufac.br\/wp-content\/uploads\/2023\/11\/Reuniao-com-o-CCI.png 364w, https:\/\/ods.ufac.br\/wp-content\/uploads\/2023\/11\/Reuniao-com-o-CCI-225x300.png 225w\" sizes=\"(max-width: 393px) 100vw, 393px\" \/><figcaption><strong> Dia da reuni\u00e3o com a Coordenadoria do Centro de Conviv\u00eancia do Idoso &#8211; CCI<\/strong><\/figcaption><\/figure>\n\n\n\n<figure class=\"wp-block-image size-full\"><img loading=\"lazy\" width=\"895\" height=\"896\" src=\"https:\/\/ods.ufac.br\/wp-content\/uploads\/2023\/11\/Rpe-projeto.png\" alt=\"\" class=\"wp-image-705\" srcset=\"https:\/\/ods.ufac.br\/wp-content\/uploads\/2023\/11\/Rpe-projeto.png 895w, https:\/\/ods.ufac.br\/wp-content\/uploads\/2023\/11\/Rpe-projeto-300x300.png 300w, https:\/\/ods.ufac.br\/wp-content\/uploads\/2023\/11\/Rpe-projeto-150x150.png 150w, https:\/\/ods.ufac.br\/wp-content\/uploads\/2023\/11\/Rpe-projeto-768x769.png 768w\" sizes=\"(max-width: 895px) 100vw, 895px\" \/><\/figure>\n\n\n\n<figure class=\"wp-block-image size-full\"><img loading=\"lazy\" width=\"895\" height=\"893\" src=\"https:\/\/ods.ufac.br\/wp-content\/uploads\/2023\/11\/rpe-projeto-2.png\" alt=\"\" class=\"wp-image-704\" srcset=\"https:\/\/ods.ufac.br\/wp-content\/uploads\/2023\/11\/rpe-projeto-2.png 895w, https:\/\/ods.ufac.br\/wp-content\/uploads\/2023\/11\/rpe-projeto-2-300x300.png 300w, https:\/\/ods.ufac.br\/wp-content\/uploads\/2023\/11\/rpe-projeto-2-150x150.png 150w, https:\/\/ods.ufac.br\/wp-content\/uploads\/2023\/11\/rpe-projeto-2-768x766.png 768w\" sizes=\"(max-width: 895px) 100vw, 895px\" \/><\/figure>\n\n\n\n<figure class=\"wp-block-image size-full\"><img loading=\"lazy\" width=\"894\" height=\"895\" src=\"https:\/\/ods.ufac.br\/wp-content\/uploads\/2023\/11\/rpe-projeto-3.png\" alt=\"\" class=\"wp-image-706\" srcset=\"https:\/\/ods.ufac.br\/wp-content\/uploads\/2023\/11\/rpe-projeto-3.png 894w, https:\/\/ods.ufac.br\/wp-content\/uploads\/2023\/11\/rpe-projeto-3-300x300.png 300w, https:\/\/ods.ufac.br\/wp-content\/uploads\/2023\/11\/rpe-projeto-3-150x150.png 150w, https:\/\/ods.ufac.br\/wp-content\/uploads\/2023\/11\/rpe-projeto-3-768x769.png 768w\" sizes=\"(max-width: 894px) 100vw, 894px\" \/><\/figure>\n\n\n\n<p>O projeto abrangeu 55 participantes, em um s\u00f3 evento foram oferecidos servi\u00e7os da Aten\u00e7\u00e3o B\u00e1sica, como atendimentos m\u00e9dicos, de enfermagem e odontol\u00f3gicos. Aproveitando a parceria multiprofissional, foi realizado a Aplica\u00e7\u00e3o do Marcador de Consumo Alimentar, assim como foi coletado dados referentes a alimenta\u00e7\u00e3o da popula\u00e7\u00e3o hipertensa.<\/p>\n\n\n\n<figure class=\"wp-block-image size-full is-resized\"><img loading=\"lazy\" src=\"https:\/\/ods.ufac.br\/wp-content\/uploads\/2023\/11\/formulario-rpe.png\" alt=\"\" class=\"wp-image-707\" width=\"562\" height=\"422\" srcset=\"https:\/\/ods.ufac.br\/wp-content\/uploads\/2023\/11\/formulario-rpe.png 393w, https:\/\/ods.ufac.br\/wp-content\/uploads\/2023\/11\/formulario-rpe-300x225.png 300w\" sizes=\"(max-width: 562px) 100vw, 562px\" \/><\/figure>\n\n\n\n<figure class=\"wp-block-image size-full\"><img loading=\"lazy\" width=\"895\" height=\"896\" src=\"https:\/\/ods.ufac.br\/wp-content\/uploads\/2023\/11\/rpe-projeto-5.png\" alt=\"\" class=\"wp-image-708\" srcset=\"https:\/\/ods.ufac.br\/wp-content\/uploads\/2023\/11\/rpe-projeto-5.png 895w, https:\/\/ods.ufac.br\/wp-content\/uploads\/2023\/11\/rpe-projeto-5-300x300.png 300w, https:\/\/ods.ufac.br\/wp-content\/uploads\/2023\/11\/rpe-projeto-5-150x150.png 150w, https:\/\/ods.ufac.br\/wp-content\/uploads\/2023\/11\/rpe-projeto-5-768x769.png 768w\" sizes=\"(max-width: 895px) 100vw, 895px\" \/><\/figure>\n","protected":false},"excerpt":{"rendered":"<p>Rio Preto da Eva \u00e9 um munic\u00edpio brasileiro localizado na Regi\u00e3o Metropolitana de Manaus, no estado do Amazonas. Est\u00e1 situado a 78 km da capital amazonense, seu nome veio em consequ\u00eancia das \u00e1guas escuras do rio que banha a localidade desembocado no Paran\u00e1 da Eva. A equipe ODS Amazonas em Rio Preto da Eva \u00e9&hellip; <a class=\"more-link\" href=\"https:\/\/ods.ufac.br\/?p=700\">Continuar lendo <span class=\"screen-reader-text\">Preven\u00e7\u00e3o e combate \u00e0 hipertens\u00e3o arterial atrav\u00e9s da alimenta\u00e7\u00e3o &#8211; centro do idoso<\/span><\/a><\/p>\n","protected":false},"author":1,"featured_media":709,"comment_status":"open","ping_status":"open","sticky":false,"template":"","format":"standard","meta":[],"categories":[14],"tags":[],"_links":{"self":[{"href":"https:\/\/ods.ufac.br\/index.php?rest_route=\/wp\/v2\/posts\/700"}],"collection":[{"href":"https:\/\/ods.ufac.br\/index.php?rest_route=\/wp\/v2\/posts"}],"about":[{"href":"https:\/\/ods.ufac.br\/index.php?rest_route=\/wp\/v2\/types\/post"}],"author":[{"embeddable":true,"href":"https:\/\/ods.ufac.br\/index.php?rest_route=\/wp\/v2\/users\/1"}],"replies":[{"embeddable":true,"href":"https:\/\/ods.ufac.br\/index.php?rest_route=%2Fwp%2Fv2%2Fcomments&post=700"}],"version-history":[{"count":1,"href":"https:\/\/ods.ufac.br\/index.php?rest_route=\/wp\/v2\/posts\/700\/revisions"}],"predecessor-version":[{"id":710,"href":"https:\/\/ods.ufac.br\/index.php?rest_route=\/wp\/v2\/posts\/700\/revisions\/710"}],"wp:featuredmedia":[{"embeddable":true,"href":"https:\/\/ods.ufac.br\/index.php?rest_route=\/wp\/v2\/media\/709"}],"wp:attachment":[{"href":"https:\/\/ods.ufac.br\/index.php?rest_route=%2Fwp%2Fv2%2Fmedia&parent=700"}],"wp:term":[{"taxonomy":"category","embeddable":true,"href":"https:\/\/ods.ufac.br\/index.php?rest_route=%2Fwp%2Fv2%2Fcategories&post=700"},{"taxonomy":"post_tag","embeddable":true,"href":"https:\/\/ods.ufac.br\/index.php?rest_route=%2Fwp%2Fv2%2Ftags&post=700"}],"curies":[{"name":"wp","href":"https:\/\/api.w.org\/{rel}","templated":true}]}}