{"id":682,"date":"2023-11-20T19:15:53","date_gmt":"2023-11-20T22:15:53","guid":{"rendered":"https:\/\/ods.ufac.br\/?p=682"},"modified":"2023-12-19T20:04:07","modified_gmt":"2023-12-19T23:04:07","slug":"plantao-tira-duvidas-municipio-boa-vista-roraima","status":"publish","type":"post","link":"https:\/\/ods.ufac.br\/?p=682","title":{"rendered":"Plant\u00e3o tira d\u00favidas, munic\u00edpio: Boa Vista &#8211; Roraima"},"content":{"rendered":"\n<p>No dia 10\/11, ocorreu um plant\u00e3o de esclarecimentos com a tutora, Professora Doutora Cintia, e a presen\u00e7a da enfermeira Patr\u00edcia, t\u00e9cnica de Boa Vista-RR. Durante o encontro, foram discutidos e aprimorados detalhes do projeto, visando o in\u00edcio bem-sucedido das a\u00e7\u00f5es.<\/p>\n\n\n\n<figure class=\"wp-block-image size-full\"><img fetchpriority=\"high\" width=\"894\" height=\"891\" src=\"https:\/\/ods.ufac.br\/wp-content\/uploads\/2023\/11\/PTD.png\" alt=\"\" class=\"wp-image-683\" srcset=\"https:\/\/ods.ufac.br\/wp-content\/uploads\/2023\/11\/PTD.png 894w, https:\/\/ods.ufac.br\/wp-content\/uploads\/2023\/11\/PTD-300x300.png 300w, https:\/\/ods.ufac.br\/wp-content\/uploads\/2023\/11\/PTD-150x150.png 150w, https:\/\/ods.ufac.br\/wp-content\/uploads\/2023\/11\/PTD-768x765.png 768w\" sizes=\"(max-width: 894px) 100vw, 894px\" \/><\/figure>\n","protected":false},"excerpt":{"rendered":"<p>No dia 10\/11, ocorreu um plant\u00e3o de esclarecimentos com a tutora, Professora Doutora Cintia, e a presen\u00e7a da enfermeira Patr\u00edcia, t\u00e9cnica de Boa Vista-RR. Durante o encontro, foram discutidos e aprimorados detalhes do projeto, visando o in\u00edcio bem-sucedido das a\u00e7\u00f5es.<\/p>\n","protected":false},"author":1,"featured_media":684,"comment_status":"open","ping_status":"open","sticky":false,"template":"","format":"standard","meta":[],"categories":[15],"tags":[],"_links":{"self":[{"href":"https:\/\/ods.ufac.br\/index.php?rest_route=\/wp\/v2\/posts\/682"}],"collection":[{"href":"https:\/\/ods.ufac.br\/index.php?rest_route=\/wp\/v2\/posts"}],"about":[{"href":"https:\/\/ods.ufac.br\/index.php?rest_route=\/wp\/v2\/types\/post"}],"author":[{"embeddable":true,"href":"https:\/\/ods.ufac.br\/index.php?rest_route=\/wp\/v2\/users\/1"}],"replies":[{"embeddable":true,"href":"https:\/\/ods.ufac.br\/index.php?rest_route=%2Fwp%2Fv2%2Fcomments&post=682"}],"version-history":[{"count":1,"href":"https:\/\/ods.ufac.br\/index.php?rest_route=\/wp\/v2\/posts\/682\/revisions"}],"predecessor-version":[{"id":685,"href":"https:\/\/ods.ufac.br\/index.php?rest_route=\/wp\/v2\/posts\/682\/revisions\/685"}],"wp:featuredmedia":[{"embeddable":true,"href":"https:\/\/ods.ufac.br\/index.php?rest_route=\/wp\/v2\/media\/684"}],"wp:attachment":[{"href":"https:\/\/ods.ufac.br\/index.php?rest_route=%2Fwp%2Fv2%2Fmedia&parent=682"}],"wp:term":[{"taxonomy":"category","embeddable":true,"href":"https:\/\/ods.ufac.br\/index.php?rest_route=%2Fwp%2Fv2%2Fcategories&post=682"},{"taxonomy":"post_tag","embeddable":true,"href":"https:\/\/ods.ufac.br\/index.php?rest_route=%2Fwp%2Fv2%2Ftags&post=682"}],"curies":[{"name":"wp","href":"https:\/\/api.w.org\/{rel}","templated":true}]}}