{"id":676,"date":"2023-11-20T19:06:56","date_gmt":"2023-11-20T22:06:56","guid":{"rendered":"https:\/\/ods.ufac.br\/?p=676"},"modified":"2023-12-19T20:01:47","modified_gmt":"2023-12-19T23:01:47","slug":"projeto-de-intervencao-municipio-de-mucajai-com-o-titulo-atividades-vital-hiperdia-em-movimento","status":"publish","type":"post","link":"https:\/\/ods.ufac.br\/?p=676","title":{"rendered":"Projeto de interven\u00e7\u00e3o Munic\u00edpio de Mucaja\u00ed com o t\u00edtulo: Atividades vital: HIPERDIA em movimento"},"content":{"rendered":"\n<p>O projeto intitulado &#8220;Atividade vital: Hiperdia em Movimento&#8221; teve in\u00edcio em 19 de outubro, marcando sua estreia com o grupo Hiperdia. <\/p>\n\n\n\n<p>Foi realizado palestras, aferi\u00e7\u00e3o de press\u00e3o arterial e glicemia, e demonstra\u00e7\u00f5es de exerc\u00edcio f\u00edsicos para os hipertensos e diab\u00e9ticos que residem na Vila Sama\u00fama. <\/p>\n\n\n\n<p>No primeiro encontro, os profissionais que participaram foram: m\u00e9dico, enfermeiro, t\u00e9cnico de enfermagem e 4 ACS. <\/p>\n\n\n\n<p>O segundo encontro foi realizado no dia 10 de novembro de 2023, realizado com pacientes em vicinas, levamos o projeto para Vacinal 12.<\/p>\n\n\n\n<figure class=\"wp-block-image size-full\"><img fetchpriority=\"high\" width=\"899\" height=\"894\" src=\"https:\/\/ods.ufac.br\/wp-content\/uploads\/2023\/11\/1-EC.png\" alt=\"\" class=\"wp-image-678\" srcset=\"https:\/\/ods.ufac.br\/wp-content\/uploads\/2023\/11\/1-EC.png 899w, https:\/\/ods.ufac.br\/wp-content\/uploads\/2023\/11\/1-EC-300x298.png 300w, https:\/\/ods.ufac.br\/wp-content\/uploads\/2023\/11\/1-EC-150x150.png 150w, https:\/\/ods.ufac.br\/wp-content\/uploads\/2023\/11\/1-EC-768x764.png 768w\" sizes=\"(max-width: 899px) 100vw, 899px\" \/><\/figure>\n\n\n\n<figure class=\"wp-block-image size-full\"><img width=\"897\" height=\"893\" src=\"https:\/\/ods.ufac.br\/wp-content\/uploads\/2023\/11\/1-EC-2.png\" alt=\"\" class=\"wp-image-677\" srcset=\"https:\/\/ods.ufac.br\/wp-content\/uploads\/2023\/11\/1-EC-2.png 897w, https:\/\/ods.ufac.br\/wp-content\/uploads\/2023\/11\/1-EC-2-300x300.png 300w, https:\/\/ods.ufac.br\/wp-content\/uploads\/2023\/11\/1-EC-2-150x150.png 150w, https:\/\/ods.ufac.br\/wp-content\/uploads\/2023\/11\/1-EC-2-768x765.png 768w\" sizes=\"(max-width: 897px) 100vw, 897px\" \/><\/figure>\n\n\n\n<figure class=\"wp-block-image size-full\"><img width=\"896\" height=\"896\" src=\"https:\/\/ods.ufac.br\/wp-content\/uploads\/2023\/11\/2-EC.png\" alt=\"\" class=\"wp-image-680\" srcset=\"https:\/\/ods.ufac.br\/wp-content\/uploads\/2023\/11\/2-EC.png 896w, https:\/\/ods.ufac.br\/wp-content\/uploads\/2023\/11\/2-EC-300x300.png 300w, https:\/\/ods.ufac.br\/wp-content\/uploads\/2023\/11\/2-EC-150x150.png 150w, https:\/\/ods.ufac.br\/wp-content\/uploads\/2023\/11\/2-EC-768x768.png 768w\" sizes=\"(max-width: 896px) 100vw, 896px\" \/><\/figure>\n","protected":false},"excerpt":{"rendered":"<p>O projeto intitulado &#8220;Atividade vital: Hiperdia em Movimento&#8221; teve in\u00edcio em 19 de outubro, marcando sua estreia com o grupo Hiperdia. Foi realizado palestras, aferi\u00e7\u00e3o de press\u00e3o arterial e glicemia, e demonstra\u00e7\u00f5es de exerc\u00edcio f\u00edsicos para os hipertensos e diab\u00e9ticos que residem na Vila Sama\u00fama. No primeiro encontro, os profissionais que participaram foram: m\u00e9dico, enfermeiro,&hellip; <a class=\"more-link\" href=\"https:\/\/ods.ufac.br\/?p=676\">Continuar lendo <span class=\"screen-reader-text\">Projeto de interven\u00e7\u00e3o Munic\u00edpio de Mucaja\u00ed com o t\u00edtulo: Atividades vital: HIPERDIA em movimento<\/span><\/a><\/p>\n","protected":false},"author":1,"featured_media":679,"comment_status":"open","ping_status":"open","sticky":false,"template":"","format":"standard","meta":[],"categories":[15],"tags":[],"_links":{"self":[{"href":"https:\/\/ods.ufac.br\/index.php?rest_route=\/wp\/v2\/posts\/676"}],"collection":[{"href":"https:\/\/ods.ufac.br\/index.php?rest_route=\/wp\/v2\/posts"}],"about":[{"href":"https:\/\/ods.ufac.br\/index.php?rest_route=\/wp\/v2\/types\/post"}],"author":[{"embeddable":true,"href":"https:\/\/ods.ufac.br\/index.php?rest_route=\/wp\/v2\/users\/1"}],"replies":[{"embeddable":true,"href":"https:\/\/ods.ufac.br\/index.php?rest_route=%2Fwp%2Fv2%2Fcomments&post=676"}],"version-history":[{"count":1,"href":"https:\/\/ods.ufac.br\/index.php?rest_route=\/wp\/v2\/posts\/676\/revisions"}],"predecessor-version":[{"id":681,"href":"https:\/\/ods.ufac.br\/index.php?rest_route=\/wp\/v2\/posts\/676\/revisions\/681"}],"wp:featuredmedia":[{"embeddable":true,"href":"https:\/\/ods.ufac.br\/index.php?rest_route=\/wp\/v2\/media\/679"}],"wp:attachment":[{"href":"https:\/\/ods.ufac.br\/index.php?rest_route=%2Fwp%2Fv2%2Fmedia&parent=676"}],"wp:term":[{"taxonomy":"category","embeddable":true,"href":"https:\/\/ods.ufac.br\/index.php?rest_route=%2Fwp%2Fv2%2Fcategories&post=676"},{"taxonomy":"post_tag","embeddable":true,"href":"https:\/\/ods.ufac.br\/index.php?rest_route=%2Fwp%2Fv2%2Ftags&post=676"}],"curies":[{"name":"wp","href":"https:\/\/api.w.org\/{rel}","templated":true}]}}