{"id":671,"date":"2023-11-13T18:01:04","date_gmt":"2023-11-13T21:01:04","guid":{"rendered":"https:\/\/ods.ufac.br\/?p=671"},"modified":"2023-12-19T20:05:20","modified_gmt":"2023-12-19T23:05:20","slug":"reducao-do-fatores-de-rico-relacionados-ao-desenvolvimento-da-hipertensao-arterial-sistemica-has","status":"publish","type":"post","link":"https:\/\/ods.ufac.br\/?p=671","title":{"rendered":"Redu\u00e7\u00e3o do fatores de rico relacionados ao desenvolvimento da Hipertens\u00e3o Arterial Sist\u00eamica &#8211; HAS"},"content":{"rendered":"\n<p>No dia 27 de outubro de 2023, houve a Apresenta\u00e7\u00e3o do Planejamento do projeto intitulado &#8220;Redu\u00e7\u00e3o dos fatores de risco relacionados ao desenvolvimento da Hipertens\u00e3o Arterial Sist\u00eamica (HAS)&#8221;, no munic\u00edpio de Pacaraima, em Roraima. O projeto \u00e9 liderado por Jacqueline Sobral, Coordenadora da Vigil\u00e2ncia em Sa\u00fade, e Laianne Reis, Gerente de Epidemiologia. Destaca-se o empenho desses profissionais na promo\u00e7\u00e3o da sa\u00fade com base nos Objetivos de Desenvolvimento Sustent\u00e1vel. O Objetivo Geral do projeto \u00e9 desenvolver a\u00e7\u00f5es de sa\u00fade para pacientes hipertensos deste munic\u00edpio, visando propor um estilo de vida saud\u00e1vel e reduzir os riscos de poss\u00edveis complica\u00e7\u00f5es causadas pela patologia.<\/p>\n\n\n\n<p>A participa\u00e7\u00e3o ativa do Secret\u00e1rio de Sa\u00fade fortaleceu a integra\u00e7\u00e3o e apoio governamental, enquanto o p\u00fablico-alvo, composto pela comunidade da UBS local, representou um importante envolvimento da popula\u00e7\u00e3o no planejamento e execu\u00e7\u00e3o das a\u00e7\u00f5es, evidenciando um comprometimento efetivo com a sa\u00fade e o desenvolvimento sustent\u00e1vel do munic\u00edpio.<\/p>\n\n\n\n<figure class=\"wp-block-image size-full\"><img fetchpriority=\"high\" width=\"611\" height=\"341\" src=\"https:\/\/ods.ufac.br\/wp-content\/uploads\/2023\/11\/Projeto-RR-.png\" alt=\"\" class=\"wp-image-672\" srcset=\"https:\/\/ods.ufac.br\/wp-content\/uploads\/2023\/11\/Projeto-RR-.png 611w, https:\/\/ods.ufac.br\/wp-content\/uploads\/2023\/11\/Projeto-RR--300x167.png 300w\" sizes=\"(max-width: 611px) 100vw, 611px\" \/><\/figure>\n","protected":false},"excerpt":{"rendered":"<p>No dia 27 de outubro de 2023, houve a Apresenta\u00e7\u00e3o do Planejamento do projeto intitulado &#8220;Redu\u00e7\u00e3o dos fatores de risco relacionados ao desenvolvimento da Hipertens\u00e3o Arterial Sist\u00eamica (HAS)&#8221;, no munic\u00edpio de Pacaraima, em Roraima. O projeto \u00e9 liderado por Jacqueline Sobral, Coordenadora da Vigil\u00e2ncia em Sa\u00fade, e Laianne Reis, Gerente de Epidemiologia. Destaca-se o empenho&hellip; <a class=\"more-link\" href=\"https:\/\/ods.ufac.br\/?p=671\">Continuar lendo <span class=\"screen-reader-text\">Redu\u00e7\u00e3o do fatores de rico relacionados ao desenvolvimento da Hipertens\u00e3o Arterial Sist\u00eamica &#8211; HAS<\/span><\/a><\/p>\n","protected":false},"author":1,"featured_media":673,"comment_status":"open","ping_status":"open","sticky":false,"template":"","format":"standard","meta":[],"categories":[15],"tags":[],"_links":{"self":[{"href":"https:\/\/ods.ufac.br\/index.php?rest_route=\/wp\/v2\/posts\/671"}],"collection":[{"href":"https:\/\/ods.ufac.br\/index.php?rest_route=\/wp\/v2\/posts"}],"about":[{"href":"https:\/\/ods.ufac.br\/index.php?rest_route=\/wp\/v2\/types\/post"}],"author":[{"embeddable":true,"href":"https:\/\/ods.ufac.br\/index.php?rest_route=\/wp\/v2\/users\/1"}],"replies":[{"embeddable":true,"href":"https:\/\/ods.ufac.br\/index.php?rest_route=%2Fwp%2Fv2%2Fcomments&post=671"}],"version-history":[{"count":1,"href":"https:\/\/ods.ufac.br\/index.php?rest_route=\/wp\/v2\/posts\/671\/revisions"}],"predecessor-version":[{"id":674,"href":"https:\/\/ods.ufac.br\/index.php?rest_route=\/wp\/v2\/posts\/671\/revisions\/674"}],"wp:featuredmedia":[{"embeddable":true,"href":"https:\/\/ods.ufac.br\/index.php?rest_route=\/wp\/v2\/media\/673"}],"wp:attachment":[{"href":"https:\/\/ods.ufac.br\/index.php?rest_route=%2Fwp%2Fv2%2Fmedia&parent=671"}],"wp:term":[{"taxonomy":"category","embeddable":true,"href":"https:\/\/ods.ufac.br\/index.php?rest_route=%2Fwp%2Fv2%2Fcategories&post=671"},{"taxonomy":"post_tag","embeddable":true,"href":"https:\/\/ods.ufac.br\/index.php?rest_route=%2Fwp%2Fv2%2Ftags&post=671"}],"curies":[{"name":"wp","href":"https:\/\/api.w.org\/{rel}","templated":true}]}}