{"id":659,"date":"2023-11-06T18:32:35","date_gmt":"2023-11-06T21:32:35","guid":{"rendered":"https:\/\/ods.ufac.br\/?p=659"},"modified":"2023-12-19T20:05:44","modified_gmt":"2023-12-19T23:05:44","slug":"acoes-do-projeto-de-intervencao-no-municipio-de-rio-branco-acre","status":"publish","type":"post","link":"https:\/\/ods.ufac.br\/?p=659","title":{"rendered":"A\u00e7\u00f5es do projeto de interven\u00e7\u00e3o no munic\u00edpio de Rio Branco &#8211; Acre"},"content":{"rendered":"\n<p>No dia 23 de outubro ocorreu a atividade de Orienta\u00e7\u00f5es Nutricionais com a profa da UFAC Ma\u00edra Hidalgo. Al\u00e9m da equipe do projeto participaram tamb\u00e9m os acad\u00eamicos do curso Nutri\u00e7\u00e3o e Enfermagem da UFAC. As a\u00e7\u00f5es do projeto acontecem todas as segundas-feiras.<\/p>\n\n\n\n<figure class=\"wp-block-image size-full\"><img fetchpriority=\"high\" width=\"740\" height=\"415\" src=\"https:\/\/ods.ufac.br\/wp-content\/uploads\/2023\/11\/Acoes-Rb-1.png\" alt=\"\" class=\"wp-image-660\" srcset=\"https:\/\/ods.ufac.br\/wp-content\/uploads\/2023\/11\/Acoes-Rb-1.png 740w, https:\/\/ods.ufac.br\/wp-content\/uploads\/2023\/11\/Acoes-Rb-1-300x168.png 300w\" sizes=\"(max-width: 740px) 100vw, 740px\" \/><figcaption><strong>A\u00e7\u00e3o na USF Rui Lino<\/strong><\/figcaption><\/figure>\n\n\n\n<figure class=\"wp-block-image size-full\"><img width=\"906\" height=\"904\" src=\"https:\/\/ods.ufac.br\/wp-content\/uploads\/2023\/11\/Acoes-RB-2.png\" alt=\"\" class=\"wp-image-662\" srcset=\"https:\/\/ods.ufac.br\/wp-content\/uploads\/2023\/11\/Acoes-RB-2.png 906w, https:\/\/ods.ufac.br\/wp-content\/uploads\/2023\/11\/Acoes-RB-2-300x300.png 300w, https:\/\/ods.ufac.br\/wp-content\/uploads\/2023\/11\/Acoes-RB-2-150x150.png 150w, https:\/\/ods.ufac.br\/wp-content\/uploads\/2023\/11\/Acoes-RB-2-768x766.png 768w\" sizes=\"(max-width: 906px) 100vw, 906px\" \/><\/figure>\n","protected":false},"excerpt":{"rendered":"<p>No dia 23 de outubro ocorreu a atividade de Orienta\u00e7\u00f5es Nutricionais com a profa da UFAC Ma\u00edra Hidalgo. Al\u00e9m da equipe do projeto participaram tamb\u00e9m os acad\u00eamicos do curso Nutri\u00e7\u00e3o e Enfermagem da UFAC. As a\u00e7\u00f5es do projeto acontecem todas as segundas-feiras.<\/p>\n","protected":false},"author":1,"featured_media":661,"comment_status":"open","ping_status":"open","sticky":false,"template":"","format":"standard","meta":[],"categories":[13],"tags":[],"_links":{"self":[{"href":"https:\/\/ods.ufac.br\/index.php?rest_route=\/wp\/v2\/posts\/659"}],"collection":[{"href":"https:\/\/ods.ufac.br\/index.php?rest_route=\/wp\/v2\/posts"}],"about":[{"href":"https:\/\/ods.ufac.br\/index.php?rest_route=\/wp\/v2\/types\/post"}],"author":[{"embeddable":true,"href":"https:\/\/ods.ufac.br\/index.php?rest_route=\/wp\/v2\/users\/1"}],"replies":[{"embeddable":true,"href":"https:\/\/ods.ufac.br\/index.php?rest_route=%2Fwp%2Fv2%2Fcomments&post=659"}],"version-history":[{"count":1,"href":"https:\/\/ods.ufac.br\/index.php?rest_route=\/wp\/v2\/posts\/659\/revisions"}],"predecessor-version":[{"id":663,"href":"https:\/\/ods.ufac.br\/index.php?rest_route=\/wp\/v2\/posts\/659\/revisions\/663"}],"wp:featuredmedia":[{"embeddable":true,"href":"https:\/\/ods.ufac.br\/index.php?rest_route=\/wp\/v2\/media\/661"}],"wp:attachment":[{"href":"https:\/\/ods.ufac.br\/index.php?rest_route=%2Fwp%2Fv2%2Fmedia&parent=659"}],"wp:term":[{"taxonomy":"category","embeddable":true,"href":"https:\/\/ods.ufac.br\/index.php?rest_route=%2Fwp%2Fv2%2Fcategories&post=659"},{"taxonomy":"post_tag","embeddable":true,"href":"https:\/\/ods.ufac.br\/index.php?rest_route=%2Fwp%2Fv2%2Ftags&post=659"}],"curies":[{"name":"wp","href":"https:\/\/api.w.org\/{rel}","templated":true}]}}