{"id":652,"date":"2023-11-06T18:15:52","date_gmt":"2023-11-06T21:15:52","guid":{"rendered":"https:\/\/ods.ufac.br\/?p=652"},"modified":"2023-12-19T20:05:57","modified_gmt":"2023-12-19T23:05:57","slug":"projeto-de-intervencao-de-itapua-do-oeste-rondonia","status":"publish","type":"post","link":"https:\/\/ods.ufac.br\/?p=652","title":{"rendered":"Projeto de Interven\u00e7\u00e3o de Itapu\u00e3 do Oeste &#8211; Rond\u00f4nia"},"content":{"rendered":"\n<p>A equipe de trabalho do munic\u00edpio de Itapu\u00e3 do Oeste, situado no estado de Rond\u00f4nia (RO), conduziu o Projeto de Interven\u00e7\u00e3o intitulado: &#8220;Viva Bem Itapu\u00e3 &#8211; Sa\u00fade Sim, Diabetes e Hipertens\u00e3o N\u00e3o!&#8221; no \u00e2mbito do curso &#8220;Objetivos do Desenvolvimento Sustent\u00e1vel (ODS) e sua rela\u00e7\u00e3o com as Doen\u00e7as e Agravos n\u00e3o Transmiss\u00edveis (DANT)&#8221;.<\/p>\n\n\n\n<p>A maior a\u00e7\u00e3o do projeto foi realizada no dia 20 de outubro, englobando atividades focadas na promo\u00e7\u00e3o da sa\u00fade e preven\u00e7\u00e3o de agravos, tais como verifica\u00e7\u00e3o da press\u00e3o arterial e glicemia capilar, consultas com profissional de enfermagem especializado em feridas e p\u00e9 diab\u00e9tico, utilizando terapias a laser e LED, al\u00e9m de consultas com nutricionistas e psic\u00f3logos.<\/p>\n\n\n\n<figure class=\"wp-block-image size-full\"><img fetchpriority=\"high\" width=\"905\" height=\"905\" src=\"https:\/\/ods.ufac.br\/wp-content\/uploads\/2023\/11\/PRO-IO-1.png\" alt=\"\" class=\"wp-image-657\" srcset=\"https:\/\/ods.ufac.br\/wp-content\/uploads\/2023\/11\/PRO-IO-1.png 905w, https:\/\/ods.ufac.br\/wp-content\/uploads\/2023\/11\/PRO-IO-1-300x300.png 300w, https:\/\/ods.ufac.br\/wp-content\/uploads\/2023\/11\/PRO-IO-1-150x150.png 150w, https:\/\/ods.ufac.br\/wp-content\/uploads\/2023\/11\/PRO-IO-1-768x768.png 768w\" sizes=\"(max-width: 905px) 100vw, 905px\" \/><figcaption><strong>Banner Viva Bem Itapu\u00e3: Sa\u00fade Sim! Hipertens\u00e3o e Diabetes N\u00e3o!<\/strong><\/figcaption><\/figure>\n\n\n\n<figure class=\"wp-block-image size-full\"><img width=\"721\" height=\"603\" src=\"https:\/\/ods.ufac.br\/wp-content\/uploads\/2023\/11\/PRO-IO-2.png\" alt=\"\" class=\"wp-image-656\" srcset=\"https:\/\/ods.ufac.br\/wp-content\/uploads\/2023\/11\/PRO-IO-2.png 721w, https:\/\/ods.ufac.br\/wp-content\/uploads\/2023\/11\/PRO-IO-2-300x251.png 300w\" sizes=\"(max-width: 721px) 100vw, 721px\" \/><figcaption><strong>A A\u00e7\u00e3o contou com a presen\u00e7a da Coordenadora de Rond\u00f4nia, professora Dra. Daiana Evangelista. <\/strong><\/figcaption><\/figure>\n\n\n\n<figure class=\"wp-block-image size-full\"><img width=\"908\" height=\"905\" src=\"https:\/\/ods.ufac.br\/wp-content\/uploads\/2023\/11\/PRO-io-3.png\" alt=\"\" class=\"wp-image-655\" srcset=\"https:\/\/ods.ufac.br\/wp-content\/uploads\/2023\/11\/PRO-io-3.png 908w, https:\/\/ods.ufac.br\/wp-content\/uploads\/2023\/11\/PRO-io-3-300x300.png 300w, https:\/\/ods.ufac.br\/wp-content\/uploads\/2023\/11\/PRO-io-3-150x150.png 150w, https:\/\/ods.ufac.br\/wp-content\/uploads\/2023\/11\/PRO-io-3-768x765.png 768w\" sizes=\"(max-width: 908px) 100vw, 908px\" \/><figcaption><strong>Imagens da a\u00e7\u00e3o<\/strong><\/figcaption><\/figure>\n\n\n\n<figure class=\"wp-block-image size-full\"><img loading=\"lazy\" width=\"905\" height=\"903\" src=\"https:\/\/ods.ufac.br\/wp-content\/uploads\/2023\/11\/Pro-IO-4.png\" alt=\"\" class=\"wp-image-654\" srcset=\"https:\/\/ods.ufac.br\/wp-content\/uploads\/2023\/11\/Pro-IO-4.png 905w, https:\/\/ods.ufac.br\/wp-content\/uploads\/2023\/11\/Pro-IO-4-300x300.png 300w, https:\/\/ods.ufac.br\/wp-content\/uploads\/2023\/11\/Pro-IO-4-150x150.png 150w, https:\/\/ods.ufac.br\/wp-content\/uploads\/2023\/11\/Pro-IO-4-768x766.png 768w\" sizes=\"(max-width: 905px) 100vw, 905px\" \/><\/figure>\n","protected":false},"excerpt":{"rendered":"<p>A equipe de trabalho do munic\u00edpio de Itapu\u00e3 do Oeste, situado no estado de Rond\u00f4nia (RO), conduziu o Projeto de Interven\u00e7\u00e3o intitulado: &#8220;Viva Bem Itapu\u00e3 &#8211; Sa\u00fade Sim, Diabetes e Hipertens\u00e3o N\u00e3o!&#8221; no \u00e2mbito do curso &#8220;Objetivos do Desenvolvimento Sustent\u00e1vel (ODS) e sua rela\u00e7\u00e3o com as Doen\u00e7as e Agravos n\u00e3o Transmiss\u00edveis (DANT)&#8221;. A maior a\u00e7\u00e3o&hellip; <a class=\"more-link\" href=\"https:\/\/ods.ufac.br\/?p=652\">Continuar lendo <span class=\"screen-reader-text\">Projeto de Interven\u00e7\u00e3o de Itapu\u00e3 do Oeste &#8211; Rond\u00f4nia<\/span><\/a><\/p>\n","protected":false},"author":1,"featured_media":653,"comment_status":"open","ping_status":"open","sticky":false,"template":"","format":"standard","meta":[],"categories":[12],"tags":[],"_links":{"self":[{"href":"https:\/\/ods.ufac.br\/index.php?rest_route=\/wp\/v2\/posts\/652"}],"collection":[{"href":"https:\/\/ods.ufac.br\/index.php?rest_route=\/wp\/v2\/posts"}],"about":[{"href":"https:\/\/ods.ufac.br\/index.php?rest_route=\/wp\/v2\/types\/post"}],"author":[{"embeddable":true,"href":"https:\/\/ods.ufac.br\/index.php?rest_route=\/wp\/v2\/users\/1"}],"replies":[{"embeddable":true,"href":"https:\/\/ods.ufac.br\/index.php?rest_route=%2Fwp%2Fv2%2Fcomments&post=652"}],"version-history":[{"count":1,"href":"https:\/\/ods.ufac.br\/index.php?rest_route=\/wp\/v2\/posts\/652\/revisions"}],"predecessor-version":[{"id":658,"href":"https:\/\/ods.ufac.br\/index.php?rest_route=\/wp\/v2\/posts\/652\/revisions\/658"}],"wp:featuredmedia":[{"embeddable":true,"href":"https:\/\/ods.ufac.br\/index.php?rest_route=\/wp\/v2\/media\/653"}],"wp:attachment":[{"href":"https:\/\/ods.ufac.br\/index.php?rest_route=%2Fwp%2Fv2%2Fmedia&parent=652"}],"wp:term":[{"taxonomy":"category","embeddable":true,"href":"https:\/\/ods.ufac.br\/index.php?rest_route=%2Fwp%2Fv2%2Fcategories&post=652"},{"taxonomy":"post_tag","embeddable":true,"href":"https:\/\/ods.ufac.br\/index.php?rest_route=%2Fwp%2Fv2%2Ftags&post=652"}],"curies":[{"name":"wp","href":"https:\/\/api.w.org\/{rel}","templated":true}]}}