{"id":648,"date":"2023-11-06T17:30:14","date_gmt":"2023-11-06T20:30:14","guid":{"rendered":"https:\/\/ods.ufac.br\/?p=648"},"modified":"2023-12-19T20:06:08","modified_gmt":"2023-12-19T23:06:08","slug":"reuniao-de-alinhamento-de-atividades-do-projeto-de-intervencao-do-municipio-de-rio-branco-acre","status":"publish","type":"post","link":"https:\/\/ods.ufac.br\/?p=648","title":{"rendered":"Reuni\u00e3o de alinhamento de atividades do Projeto de Interven\u00e7\u00e3o do munic\u00edpio de Rio Branco &#8211; Acre"},"content":{"rendered":"\n<p>No final do m\u00eas de outubro houve uma reuni\u00e3o de alinhamento para a a\u00e7\u00e3o de interven\u00e7\u00e3o proposto pelos cursistas do Projeto da ODS do Acre, com as representantes da Aten\u00e7\u00e3o Prim\u00e1ria e Vigil\u00e2ncia em Sa\u00fade do munic\u00edpio de Rio Branco &#8211; Acre. A a\u00e7\u00e3o ser\u00e1 realizada dia 14 de novembro de 2023 na Unidade de Sa\u00fade da Fam\u00edlia Francisco Eduardo de Paiva.<\/p>\n\n\n\n<figure class=\"wp-block-image size-full\"><img fetchpriority=\"high\" width=\"905\" height=\"906\" src=\"https:\/\/ods.ufac.br\/wp-content\/uploads\/2023\/11\/Reuniao-Ac-2.png\" alt=\"\" class=\"wp-image-649\" srcset=\"https:\/\/ods.ufac.br\/wp-content\/uploads\/2023\/11\/Reuniao-Ac-2.png 905w, https:\/\/ods.ufac.br\/wp-content\/uploads\/2023\/11\/Reuniao-Ac-2-300x300.png 300w, https:\/\/ods.ufac.br\/wp-content\/uploads\/2023\/11\/Reuniao-Ac-2-150x150.png 150w, https:\/\/ods.ufac.br\/wp-content\/uploads\/2023\/11\/Reuniao-Ac-2-768x769.png 768w\" sizes=\"(max-width: 905px) 100vw, 905px\" \/><figcaption><strong>Reuni\u00e3o de alinhamento<\/strong><\/figcaption><\/figure>\n","protected":false},"excerpt":{"rendered":"<p>No final do m\u00eas de outubro houve uma reuni\u00e3o de alinhamento para a a\u00e7\u00e3o de interven\u00e7\u00e3o proposto pelos cursistas do Projeto da ODS do Acre, com as representantes da Aten\u00e7\u00e3o Prim\u00e1ria e Vigil\u00e2ncia em Sa\u00fade do munic\u00edpio de Rio Branco &#8211; Acre. A a\u00e7\u00e3o ser\u00e1 realizada dia 14 de novembro de 2023 na Unidade de&hellip; <a class=\"more-link\" href=\"https:\/\/ods.ufac.br\/?p=648\">Continuar lendo <span class=\"screen-reader-text\">Reuni\u00e3o de alinhamento de atividades do Projeto de Interven\u00e7\u00e3o do munic\u00edpio de Rio Branco &#8211; Acre<\/span><\/a><\/p>\n","protected":false},"author":1,"featured_media":650,"comment_status":"open","ping_status":"open","sticky":false,"template":"","format":"standard","meta":[],"categories":[13],"tags":[],"_links":{"self":[{"href":"https:\/\/ods.ufac.br\/index.php?rest_route=\/wp\/v2\/posts\/648"}],"collection":[{"href":"https:\/\/ods.ufac.br\/index.php?rest_route=\/wp\/v2\/posts"}],"about":[{"href":"https:\/\/ods.ufac.br\/index.php?rest_route=\/wp\/v2\/types\/post"}],"author":[{"embeddable":true,"href":"https:\/\/ods.ufac.br\/index.php?rest_route=\/wp\/v2\/users\/1"}],"replies":[{"embeddable":true,"href":"https:\/\/ods.ufac.br\/index.php?rest_route=%2Fwp%2Fv2%2Fcomments&post=648"}],"version-history":[{"count":1,"href":"https:\/\/ods.ufac.br\/index.php?rest_route=\/wp\/v2\/posts\/648\/revisions"}],"predecessor-version":[{"id":651,"href":"https:\/\/ods.ufac.br\/index.php?rest_route=\/wp\/v2\/posts\/648\/revisions\/651"}],"wp:featuredmedia":[{"embeddable":true,"href":"https:\/\/ods.ufac.br\/index.php?rest_route=\/wp\/v2\/media\/650"}],"wp:attachment":[{"href":"https:\/\/ods.ufac.br\/index.php?rest_route=%2Fwp%2Fv2%2Fmedia&parent=648"}],"wp:term":[{"taxonomy":"category","embeddable":true,"href":"https:\/\/ods.ufac.br\/index.php?rest_route=%2Fwp%2Fv2%2Fcategories&post=648"},{"taxonomy":"post_tag","embeddable":true,"href":"https:\/\/ods.ufac.br\/index.php?rest_route=%2Fwp%2Fv2%2Ftags&post=648"}],"curies":[{"name":"wp","href":"https:\/\/api.w.org\/{rel}","templated":true}]}}