{"id":640,"date":"2023-10-26T17:44:18","date_gmt":"2023-10-26T20:44:18","guid":{"rendered":"https:\/\/ods.ufac.br\/?p=640"},"modified":"2023-10-26T17:44:18","modified_gmt":"2023-10-26T20:44:18","slug":"reuniao-com-todos-os-estados-para-acompanhamento-e-monitoramento-dos-projetos-de-intervencao-pi","status":"publish","type":"post","link":"https:\/\/ods.ufac.br\/?p=640","title":{"rendered":"Reuni\u00e3o com todos os estados para acompanhamento e monitoramento dos projetos de interven\u00e7\u00e3o &#8211; PI"},"content":{"rendered":"\n<p>Realizado no dia 18 de outubro de 2023, com as equipes do Acre, Amazonas, Rond\u00f4nia e Roraima, a reuni\u00e3o teve o intuito de acompanhar a execu\u00e7\u00e3o dos Projetos de Interven\u00e7\u00e3o desenvolvidos pelos munic\u00edpios contemplados na forma\u00e7\u00e3o.<\/p>\n\n\n\n<p>Logo, esteve presente a Coordenadora Geral: Prof\u00aa Herleis Chagas e as tutoras dos estados citados acima.<\/p>\n\n\n\n<figure class=\"wp-block-image size-full is-resized\"><img fetchpriority=\"high\" src=\"https:\/\/ods.ufac.br\/wp-content\/uploads\/2023\/10\/Reuniao.png\" alt=\"\" class=\"wp-image-641\" width=\"610\" height=\"340\" srcset=\"https:\/\/ods.ufac.br\/wp-content\/uploads\/2023\/10\/Reuniao.png 902w, https:\/\/ods.ufac.br\/wp-content\/uploads\/2023\/10\/Reuniao-300x168.png 300w, https:\/\/ods.ufac.br\/wp-content\/uploads\/2023\/10\/Reuniao-768x429.png 768w\" sizes=\"(max-width: 610px) 100vw, 610px\" \/><figcaption><strong>Reuni\u00e3o com as Equipes do Projeto<\/strong><\/figcaption><\/figure>\n","protected":false},"excerpt":{"rendered":"<p>Realizado no dia 18 de outubro de 2023, com as equipes do Acre, Amazonas, Rond\u00f4nia e Roraima, a reuni\u00e3o teve o intuito de acompanhar a execu\u00e7\u00e3o dos Projetos de Interven\u00e7\u00e3o desenvolvidos pelos munic\u00edpios contemplados na forma\u00e7\u00e3o. Logo, esteve presente a Coordenadora Geral: Prof\u00aa Herleis Chagas e as tutoras dos estados citados acima.<\/p>\n","protected":false},"author":1,"featured_media":642,"comment_status":"open","ping_status":"open","sticky":false,"template":"","format":"standard","meta":[],"categories":[7],"tags":[],"_links":{"self":[{"href":"https:\/\/ods.ufac.br\/index.php?rest_route=\/wp\/v2\/posts\/640"}],"collection":[{"href":"https:\/\/ods.ufac.br\/index.php?rest_route=\/wp\/v2\/posts"}],"about":[{"href":"https:\/\/ods.ufac.br\/index.php?rest_route=\/wp\/v2\/types\/post"}],"author":[{"embeddable":true,"href":"https:\/\/ods.ufac.br\/index.php?rest_route=\/wp\/v2\/users\/1"}],"replies":[{"embeddable":true,"href":"https:\/\/ods.ufac.br\/index.php?rest_route=%2Fwp%2Fv2%2Fcomments&post=640"}],"version-history":[{"count":1,"href":"https:\/\/ods.ufac.br\/index.php?rest_route=\/wp\/v2\/posts\/640\/revisions"}],"predecessor-version":[{"id":643,"href":"https:\/\/ods.ufac.br\/index.php?rest_route=\/wp\/v2\/posts\/640\/revisions\/643"}],"wp:featuredmedia":[{"embeddable":true,"href":"https:\/\/ods.ufac.br\/index.php?rest_route=\/wp\/v2\/media\/642"}],"wp:attachment":[{"href":"https:\/\/ods.ufac.br\/index.php?rest_route=%2Fwp%2Fv2%2Fmedia&parent=640"}],"wp:term":[{"taxonomy":"category","embeddable":true,"href":"https:\/\/ods.ufac.br\/index.php?rest_route=%2Fwp%2Fv2%2Fcategories&post=640"},{"taxonomy":"post_tag","embeddable":true,"href":"https:\/\/ods.ufac.br\/index.php?rest_route=%2Fwp%2Fv2%2Ftags&post=640"}],"curies":[{"name":"wp","href":"https:\/\/api.w.org\/{rel}","templated":true}]}}