{"id":627,"date":"2023-10-23T16:11:40","date_gmt":"2023-10-23T19:11:40","guid":{"rendered":"https:\/\/ods.ufac.br\/?p=627"},"modified":"2023-12-19T20:07:46","modified_gmt":"2023-12-19T23:07:46","slug":"acoes-de-educacao-em-saude-planejadas-pela-equipe-do-municipio-de-rio-branco","status":"publish","type":"post","link":"https:\/\/ods.ufac.br\/?p=627","title":{"rendered":"A\u00e7\u00f5es de Educa\u00e7\u00e3o em Sa\u00fade planejadas pela Equipe do munic\u00edpio de Rio Branco"},"content":{"rendered":"\n<p>O projeto de interven\u00e7\u00e3o do munic\u00edpio de Rio Branco visa acompanhar pessoas idosas com hipertens\u00e3o arterial e diabetes mellitus. Al\u00e9m de a\u00e7\u00f5es de educa\u00e7\u00e3o em sa\u00fade, a promo\u00e7\u00e3o e autocuidado foram o foco!<\/p>\n\n\n\n<p>Foi realizada em 6 de outubro uma caminhada com pessoas idosas residentes da USF Eduardo Francisco Paiva.<\/p>\n\n\n\n<figure class=\"wp-block-image size-full\"><img fetchpriority=\"high\" width=\"727\" height=\"906\" src=\"https:\/\/ods.ufac.br\/wp-content\/uploads\/2023\/10\/Acao-RB.png\" alt=\"\" class=\"wp-image-629\" srcset=\"https:\/\/ods.ufac.br\/wp-content\/uploads\/2023\/10\/Acao-RB.png 727w, https:\/\/ods.ufac.br\/wp-content\/uploads\/2023\/10\/Acao-RB-241x300.png 241w\" sizes=\"(max-width: 727px) 100vw, 727px\" \/><figcaption><strong>A\u00e7\u00e3o com os idosos, realizada em Rio Branco &#8211; Acre<\/strong><\/figcaption><\/figure>\n","protected":false},"excerpt":{"rendered":"<p>O projeto de interven\u00e7\u00e3o do munic\u00edpio de Rio Branco visa acompanhar pessoas idosas com hipertens\u00e3o arterial e diabetes mellitus. Al\u00e9m de a\u00e7\u00f5es de educa\u00e7\u00e3o em sa\u00fade, a promo\u00e7\u00e3o e autocuidado foram o foco! Foi realizada em 6 de outubro uma caminhada com pessoas idosas residentes da USF Eduardo Francisco Paiva.<\/p>\n","protected":false},"author":1,"featured_media":628,"comment_status":"open","ping_status":"open","sticky":false,"template":"","format":"standard","meta":[],"categories":[13],"tags":[],"_links":{"self":[{"href":"https:\/\/ods.ufac.br\/index.php?rest_route=\/wp\/v2\/posts\/627"}],"collection":[{"href":"https:\/\/ods.ufac.br\/index.php?rest_route=\/wp\/v2\/posts"}],"about":[{"href":"https:\/\/ods.ufac.br\/index.php?rest_route=\/wp\/v2\/types\/post"}],"author":[{"embeddable":true,"href":"https:\/\/ods.ufac.br\/index.php?rest_route=\/wp\/v2\/users\/1"}],"replies":[{"embeddable":true,"href":"https:\/\/ods.ufac.br\/index.php?rest_route=%2Fwp%2Fv2%2Fcomments&post=627"}],"version-history":[{"count":1,"href":"https:\/\/ods.ufac.br\/index.php?rest_route=\/wp\/v2\/posts\/627\/revisions"}],"predecessor-version":[{"id":630,"href":"https:\/\/ods.ufac.br\/index.php?rest_route=\/wp\/v2\/posts\/627\/revisions\/630"}],"wp:featuredmedia":[{"embeddable":true,"href":"https:\/\/ods.ufac.br\/index.php?rest_route=\/wp\/v2\/media\/628"}],"wp:attachment":[{"href":"https:\/\/ods.ufac.br\/index.php?rest_route=%2Fwp%2Fv2%2Fmedia&parent=627"}],"wp:term":[{"taxonomy":"category","embeddable":true,"href":"https:\/\/ods.ufac.br\/index.php?rest_route=%2Fwp%2Fv2%2Fcategories&post=627"},{"taxonomy":"post_tag","embeddable":true,"href":"https:\/\/ods.ufac.br\/index.php?rest_route=%2Fwp%2Fv2%2Ftags&post=627"}],"curies":[{"name":"wp","href":"https:\/\/api.w.org\/{rel}","templated":true}]}}