{"id":617,"date":"2023-10-23T15:58:15","date_gmt":"2023-10-23T18:58:15","guid":{"rendered":"https:\/\/ods.ufac.br\/?p=617"},"modified":"2023-12-19T20:08:12","modified_gmt":"2023-12-19T23:08:12","slug":"projeto-de-intervencao-da-equipe-de-porto-velho","status":"publish","type":"post","link":"https:\/\/ods.ufac.br\/?p=617","title":{"rendered":"Projeto de interven\u00e7\u00e3o da Equipe de Porto Velho"},"content":{"rendered":"\n<p>Por meio do Curso &#8220;Objetivos do Desenvolvimento Sustent\u00e1vel (ODS) e sua rela\u00e7\u00e3o com as Doen\u00e7as e Agravos n\u00e3o Transmiss\u00edveis (DANT)&#8221;, a equipe de trabalho do munic\u00edpio de Porto Velho realizou um Projeto de Interven\u00e7\u00e3o nos dias 23, 27 e 29 de setembro.<\/p>\n\n\n\n<p><\/p>\n\n\n\n<p>O projeto concentrou-se na promo\u00e7\u00e3o da sa\u00fade mental e foi intitulado &#8220;Caf\u00e9 com Prosa, Se Precisar, Pe\u00e7a Ajuda!&#8221;. Esta iniciativa foi direcionada aos servidores da Secretaria Municipal de Sa\u00fade (SEMUSA).<\/p>\n\n\n\n<p><\/p>\n\n\n\n<p>No decorrer do projeto, foram conduzidas palestras abordando quest\u00f5es relacionadas \u00e0 sa\u00fade mental, disponibilizadas terapias integrativas, promovida gin\u00e1stica laboral e oferecida m\u00fasica cl\u00e1ssica como parte das atividades. Ademais, foram realizadas a\u00e7\u00f5es na pastoral da sa\u00fade e no Centro de Educa\u00e7\u00e3o T\u00e9cnico-Profissional na \u00e1rea de sa\u00fade (CETAS).<\/p>\n\n\n\n<figure class=\"wp-block-image size-full\"><img fetchpriority=\"high\" width=\"902\" height=\"906\" src=\"https:\/\/ods.ufac.br\/wp-content\/uploads\/2023\/10\/Acao-PV.png\" alt=\"\" class=\"wp-image-619\" srcset=\"https:\/\/ods.ufac.br\/wp-content\/uploads\/2023\/10\/Acao-PV.png 902w, https:\/\/ods.ufac.br\/wp-content\/uploads\/2023\/10\/Acao-PV-300x300.png 300w, https:\/\/ods.ufac.br\/wp-content\/uploads\/2023\/10\/Acao-PV-150x150.png 150w, https:\/\/ods.ufac.br\/wp-content\/uploads\/2023\/10\/Acao-PV-768x771.png 768w\" sizes=\"(max-width: 902px) 100vw, 902px\" \/><figcaption><strong>A\u00e7\u00e3o da Equipe de Porto Velho<\/strong><\/figcaption><\/figure>\n\n\n\n<figure class=\"wp-block-image size-full\"><img width=\"904\" height=\"906\" src=\"https:\/\/ods.ufac.br\/wp-content\/uploads\/2023\/10\/Acao-PV-2.png\" alt=\"\" class=\"wp-image-618\" srcset=\"https:\/\/ods.ufac.br\/wp-content\/uploads\/2023\/10\/Acao-PV-2.png 904w, https:\/\/ods.ufac.br\/wp-content\/uploads\/2023\/10\/Acao-PV-2-300x300.png 300w, https:\/\/ods.ufac.br\/wp-content\/uploads\/2023\/10\/Acao-PV-2-150x150.png 150w, https:\/\/ods.ufac.br\/wp-content\/uploads\/2023\/10\/Acao-PV-2-768x770.png 768w\" sizes=\"(max-width: 904px) 100vw, 904px\" \/><figcaption><strong>A\u00e7\u00e3o da Equipe de Porto Velho<\/strong><\/figcaption><\/figure>\n\n\n\n<figure class=\"wp-block-image size-full\"><img width=\"904\" height=\"905\" src=\"https:\/\/ods.ufac.br\/wp-content\/uploads\/2023\/10\/Acao-pv-3.png\" alt=\"\" class=\"wp-image-621\" srcset=\"https:\/\/ods.ufac.br\/wp-content\/uploads\/2023\/10\/Acao-pv-3.png 904w, https:\/\/ods.ufac.br\/wp-content\/uploads\/2023\/10\/Acao-pv-3-300x300.png 300w, https:\/\/ods.ufac.br\/wp-content\/uploads\/2023\/10\/Acao-pv-3-150x150.png 150w, https:\/\/ods.ufac.br\/wp-content\/uploads\/2023\/10\/Acao-pv-3-768x769.png 768w\" sizes=\"(max-width: 904px) 100vw, 904px\" \/><figcaption><strong>A\u00e7\u00e3o da Equipe de Porto Velho<\/strong><\/figcaption><\/figure>\n","protected":false},"excerpt":{"rendered":"<p>Por meio do Curso &#8220;Objetivos do Desenvolvimento Sustent\u00e1vel (ODS) e sua rela\u00e7\u00e3o com as Doen\u00e7as e Agravos n\u00e3o Transmiss\u00edveis (DANT)&#8221;, a equipe de trabalho do munic\u00edpio de Porto Velho realizou um Projeto de Interven\u00e7\u00e3o nos dias 23, 27 e 29 de setembro. O projeto concentrou-se na promo\u00e7\u00e3o da sa\u00fade mental e foi intitulado &#8220;Caf\u00e9 com&hellip; <a class=\"more-link\" href=\"https:\/\/ods.ufac.br\/?p=617\">Continuar lendo <span class=\"screen-reader-text\">Projeto de interven\u00e7\u00e3o da Equipe de Porto Velho<\/span><\/a><\/p>\n","protected":false},"author":1,"featured_media":620,"comment_status":"open","ping_status":"open","sticky":false,"template":"","format":"standard","meta":[],"categories":[12],"tags":[],"_links":{"self":[{"href":"https:\/\/ods.ufac.br\/index.php?rest_route=\/wp\/v2\/posts\/617"}],"collection":[{"href":"https:\/\/ods.ufac.br\/index.php?rest_route=\/wp\/v2\/posts"}],"about":[{"href":"https:\/\/ods.ufac.br\/index.php?rest_route=\/wp\/v2\/types\/post"}],"author":[{"embeddable":true,"href":"https:\/\/ods.ufac.br\/index.php?rest_route=\/wp\/v2\/users\/1"}],"replies":[{"embeddable":true,"href":"https:\/\/ods.ufac.br\/index.php?rest_route=%2Fwp%2Fv2%2Fcomments&post=617"}],"version-history":[{"count":1,"href":"https:\/\/ods.ufac.br\/index.php?rest_route=\/wp\/v2\/posts\/617\/revisions"}],"predecessor-version":[{"id":622,"href":"https:\/\/ods.ufac.br\/index.php?rest_route=\/wp\/v2\/posts\/617\/revisions\/622"}],"wp:featuredmedia":[{"embeddable":true,"href":"https:\/\/ods.ufac.br\/index.php?rest_route=\/wp\/v2\/media\/620"}],"wp:attachment":[{"href":"https:\/\/ods.ufac.br\/index.php?rest_route=%2Fwp%2Fv2%2Fmedia&parent=617"}],"wp:term":[{"taxonomy":"category","embeddable":true,"href":"https:\/\/ods.ufac.br\/index.php?rest_route=%2Fwp%2Fv2%2Fcategories&post=617"},{"taxonomy":"post_tag","embeddable":true,"href":"https:\/\/ods.ufac.br\/index.php?rest_route=%2Fwp%2Fv2%2Ftags&post=617"}],"curies":[{"name":"wp","href":"https:\/\/api.w.org\/{rel}","templated":true}]}}