{"id":606,"date":"2023-10-16T19:15:05","date_gmt":"2023-10-16T22:15:05","guid":{"rendered":"https:\/\/ods.ufac.br\/?p=606"},"modified":"2023-12-19T20:08:48","modified_gmt":"2023-12-19T23:08:48","slug":"projeto-de-extensao-equipe-amazonas","status":"publish","type":"post","link":"https:\/\/ods.ufac.br\/?p=606","title":{"rendered":"Projeto de Extens\u00e3o Equipe Amazonas"},"content":{"rendered":"\n<p>A equipe Amazonas, est\u00e1 implementando, junto aos alunos da gradua\u00e7\u00e3o da Escola de Enfermagem de Manaus, um projeto de extens\u00e3o intitulado &#8220;ODS no contexto amaz\u00f4nico&#8221;.<\/p>\n\n\n\n<p>Ser\u00e3o realizadas palestras mensais de forma remota com profissionais num per\u00edodo de um ano, conduzidas pelas professoras S\u00e1skia Menezes e Maria Francisca Rodrigues, em parceria com a Telessa\u00fade UFAM e FVS\/AM.<\/p>\n\n\n\n<p>Para acompanhar basta entrar no Instagram do Projeto: @pibexods2023, ou no canal do Youtube: Objetivos do Desenvolvimento Sustent\u00e1vel &#8211; Amaz\u00f4nia.<\/p>\n\n\n\n<p><\/p>\n\n\n\n<p>OBJETIVO GERAL:<\/p>\n\n\n\n<p><\/p>\n\n\n\n<p>\u2022 Promover visibilidade \u00e0s pr\u00e1ticas de desenvolvimento sustent\u00e1vel realizadas no Amazonas no contexto do plano de DANT com a agenda 2030.<\/p>\n\n\n\n<p><\/p>\n\n\n\n<p>OBJETIVOS ESPEC\u00cdFICOS:<\/p>\n\n\n\n<p><\/p>\n\n\n\n<p>Realizar reuni\u00f5es com outros munic\u00edpios para compartilhar conhecimento a respeito dos objetivos de desenvolvimento sustent\u00e1vel;<\/p>\n\n\n\n<p><\/p>\n\n\n\n<p>Divulgar as atividades e a\u00e7\u00f5es organizadas com foco no alcance de metas do projeto a partir das m\u00eddias digitais como Instagram, Facebook e You Tube;<\/p>\n\n\n\n<p> Desburocratizar o acesso \u00e0 informa\u00e7\u00e3o \u00e0 popula\u00e7\u00e3o ouvinte quanto a tem\u00e1tica abordada no per\u00edodo de vig\u00eancia do projeto.<\/p>\n\n\n\n<p>P\u00daBLICO-ALVO:<\/p>\n\n\n\n<p><\/p>\n\n\n\n<p>\u2022 Comunidade acad\u00eamica interna e externa UFAM.<\/p>\n\n\n\n<p><\/p>\n\n\n\n<p>\u2022 Profissionais de sa\u00fade em geral da capital e do interior do Amazonas.<\/p>\n\n\n\n<figure class=\"wp-block-image size-full\"><img fetchpriority=\"high\" width=\"904\" height=\"904\" src=\"https:\/\/ods.ufac.br\/wp-content\/uploads\/2023\/10\/Rede-Sociais.png\" alt=\"\" class=\"wp-image-608\" srcset=\"https:\/\/ods.ufac.br\/wp-content\/uploads\/2023\/10\/Rede-Sociais.png 904w, https:\/\/ods.ufac.br\/wp-content\/uploads\/2023\/10\/Rede-Sociais-300x300.png 300w, https:\/\/ods.ufac.br\/wp-content\/uploads\/2023\/10\/Rede-Sociais-150x150.png 150w, https:\/\/ods.ufac.br\/wp-content\/uploads\/2023\/10\/Rede-Sociais-768x768.png 768w\" sizes=\"(max-width: 904px) 100vw, 904px\" \/><figcaption><strong>Redes Sociais do Projeto <\/strong><\/figcaption><\/figure>\n\n\n\n<p>  <\/p>\n\n\n\n<figure class=\"wp-block-image size-full\"><img width=\"905\" height=\"905\" src=\"https:\/\/ods.ufac.br\/wp-content\/uploads\/2023\/10\/Proxima-Reuniao.png\" alt=\"\" class=\"wp-image-607\" srcset=\"https:\/\/ods.ufac.br\/wp-content\/uploads\/2023\/10\/Proxima-Reuniao.png 905w, https:\/\/ods.ufac.br\/wp-content\/uploads\/2023\/10\/Proxima-Reuniao-300x300.png 300w, https:\/\/ods.ufac.br\/wp-content\/uploads\/2023\/10\/Proxima-Reuniao-150x150.png 150w, https:\/\/ods.ufac.br\/wp-content\/uploads\/2023\/10\/Proxima-Reuniao-768x768.png 768w\" sizes=\"(max-width: 905px) 100vw, 905px\" \/><figcaption><strong>Pr\u00f3ximos encontros<\/strong><\/figcaption><\/figure>\n","protected":false},"excerpt":{"rendered":"<p>A equipe Amazonas, est\u00e1 implementando, junto aos alunos da gradua\u00e7\u00e3o da Escola de Enfermagem de Manaus, um projeto de extens\u00e3o intitulado &#8220;ODS no contexto amaz\u00f4nico&#8221;. Ser\u00e3o realizadas palestras mensais de forma remota com profissionais num per\u00edodo de um ano, conduzidas pelas professoras S\u00e1skia Menezes e Maria Francisca Rodrigues, em parceria com a Telessa\u00fade UFAM e&hellip; <a class=\"more-link\" href=\"https:\/\/ods.ufac.br\/?p=606\">Continuar lendo <span class=\"screen-reader-text\">Projeto de Extens\u00e3o Equipe Amazonas<\/span><\/a><\/p>\n","protected":false},"author":1,"featured_media":609,"comment_status":"open","ping_status":"open","sticky":false,"template":"","format":"standard","meta":[],"categories":[14],"tags":[],"_links":{"self":[{"href":"https:\/\/ods.ufac.br\/index.php?rest_route=\/wp\/v2\/posts\/606"}],"collection":[{"href":"https:\/\/ods.ufac.br\/index.php?rest_route=\/wp\/v2\/posts"}],"about":[{"href":"https:\/\/ods.ufac.br\/index.php?rest_route=\/wp\/v2\/types\/post"}],"author":[{"embeddable":true,"href":"https:\/\/ods.ufac.br\/index.php?rest_route=\/wp\/v2\/users\/1"}],"replies":[{"embeddable":true,"href":"https:\/\/ods.ufac.br\/index.php?rest_route=%2Fwp%2Fv2%2Fcomments&post=606"}],"version-history":[{"count":1,"href":"https:\/\/ods.ufac.br\/index.php?rest_route=\/wp\/v2\/posts\/606\/revisions"}],"predecessor-version":[{"id":610,"href":"https:\/\/ods.ufac.br\/index.php?rest_route=\/wp\/v2\/posts\/606\/revisions\/610"}],"wp:featuredmedia":[{"embeddable":true,"href":"https:\/\/ods.ufac.br\/index.php?rest_route=\/wp\/v2\/media\/609"}],"wp:attachment":[{"href":"https:\/\/ods.ufac.br\/index.php?rest_route=%2Fwp%2Fv2%2Fmedia&parent=606"}],"wp:term":[{"taxonomy":"category","embeddable":true,"href":"https:\/\/ods.ufac.br\/index.php?rest_route=%2Fwp%2Fv2%2Fcategories&post=606"},{"taxonomy":"post_tag","embeddable":true,"href":"https:\/\/ods.ufac.br\/index.php?rest_route=%2Fwp%2Fv2%2Ftags&post=606"}],"curies":[{"name":"wp","href":"https:\/\/api.w.org\/{rel}","templated":true}]}}