{"id":501,"date":"2023-10-04T15:44:12","date_gmt":"2023-10-04T18:44:12","guid":{"rendered":"https:\/\/ods.ufac.br\/?p=501"},"modified":"2023-10-05T18:35:37","modified_gmt":"2023-10-05T21:35:37","slug":"curso-de-formacao-de-tutores","status":"publish","type":"post","link":"https:\/\/ods.ufac.br\/?p=501","title":{"rendered":"Curso de Forma\u00e7\u00e3o de Tutores"},"content":{"rendered":"\n<p>Forma\u00e7\u00e3o pedag\u00f3gica dos tutores do Curso Objetivos do Desenvolvimento Sustent\u00e1vel e sua Interface com Doen\u00e7as Cr\u00f4nicas e Agravos n\u00e3o transmiss\u00edveis, na Universidade Federal do Acre.<\/p>\n\n\n\n<p>Estiveram presentes as Tutoras do Acre, Amazonas, Rond\u00f4nia e Roraima.<\/p>\n\n\n\n<figure class=\"wp-block-image size-full\"><img fetchpriority=\"high\" width=\"965\" height=\"879\" src=\"https:\/\/ods.ufac.br\/wp-content\/uploads\/2023\/10\/F.-T-AC.png\" alt=\"\" class=\"wp-image-502\" srcset=\"https:\/\/ods.ufac.br\/wp-content\/uploads\/2023\/10\/F.-T-AC.png 965w, https:\/\/ods.ufac.br\/wp-content\/uploads\/2023\/10\/F.-T-AC-300x273.png 300w, https:\/\/ods.ufac.br\/wp-content\/uploads\/2023\/10\/F.-T-AC-768x700.png 768w\" sizes=\"(max-width: 965px) 100vw, 965px\" \/><figcaption><strong>Curso de forma\u00e7\u00e3o das tutoras.<\/strong><\/figcaption><\/figure>\n\n\n\n<figure class=\"wp-block-image size-full\"><img width=\"705\" height=\"882\" src=\"https:\/\/ods.ufac.br\/wp-content\/uploads\/2023\/10\/F-T-AC.png\" alt=\"\" class=\"wp-image-503\" srcset=\"https:\/\/ods.ufac.br\/wp-content\/uploads\/2023\/10\/F-T-AC.png 705w, https:\/\/ods.ufac.br\/wp-content\/uploads\/2023\/10\/F-T-AC-240x300.png 240w\" sizes=\"(max-width: 705px) 100vw, 705px\" \/><figcaption><strong>Curso de forma\u00e7\u00e3o das tutoras.<\/strong><\/figcaption><\/figure>\n\n\n\n<figure class=\"wp-block-image size-full\"><img width=\"873\" height=\"873\" src=\"https:\/\/ods.ufac.br\/wp-content\/uploads\/2023\/10\/Carla.png\" alt=\"\" class=\"wp-image-516\" srcset=\"https:\/\/ods.ufac.br\/wp-content\/uploads\/2023\/10\/Carla.png 873w, https:\/\/ods.ufac.br\/wp-content\/uploads\/2023\/10\/Carla-300x300.png 300w, https:\/\/ods.ufac.br\/wp-content\/uploads\/2023\/10\/Carla-150x150.png 150w, https:\/\/ods.ufac.br\/wp-content\/uploads\/2023\/10\/Carla-768x768.png 768w\" sizes=\"(max-width: 873px) 100vw, 873px\" \/><figcaption><strong>Tutora Carla de Roraima.<\/strong><\/figcaption><\/figure>\n\n\n\n<figure class=\"wp-block-image size-full\"><img loading=\"lazy\" width=\"874\" height=\"875\" src=\"https:\/\/ods.ufac.br\/wp-content\/uploads\/2023\/10\/Ellen-Roraima.png\" alt=\"\" class=\"wp-image-517\" srcset=\"https:\/\/ods.ufac.br\/wp-content\/uploads\/2023\/10\/Ellen-Roraima.png 874w, https:\/\/ods.ufac.br\/wp-content\/uploads\/2023\/10\/Ellen-Roraima-300x300.png 300w, https:\/\/ods.ufac.br\/wp-content\/uploads\/2023\/10\/Ellen-Roraima-150x150.png 150w, https:\/\/ods.ufac.br\/wp-content\/uploads\/2023\/10\/Ellen-Roraima-768x769.png 768w\" sizes=\"(max-width: 874px) 100vw, 874px\" \/><figcaption><strong>Tutora Elen de Rond\u00f4nia.<\/strong><\/figcaption><\/figure>\n\n\n\n<figure class=\"wp-block-image size-full\"><img loading=\"lazy\" width=\"872\" height=\"875\" src=\"https:\/\/ods.ufac.br\/wp-content\/uploads\/2023\/10\/Equipe-do-Projeto.png\" alt=\"\" class=\"wp-image-518\" srcset=\"https:\/\/ods.ufac.br\/wp-content\/uploads\/2023\/10\/Equipe-do-Projeto.png 872w, https:\/\/ods.ufac.br\/wp-content\/uploads\/2023\/10\/Equipe-do-Projeto-300x300.png 300w, https:\/\/ods.ufac.br\/wp-content\/uploads\/2023\/10\/Equipe-do-Projeto-150x150.png 150w, https:\/\/ods.ufac.br\/wp-content\/uploads\/2023\/10\/Equipe-do-Projeto-768x771.png 768w\" sizes=\"(max-width: 872px) 100vw, 872px\" \/><figcaption><strong>Equipe do Projeto.<\/strong><\/figcaption><\/figure>\n","protected":false},"excerpt":{"rendered":"<p>Forma\u00e7\u00e3o pedag\u00f3gica dos tutores do Curso Objetivos do Desenvolvimento Sustent\u00e1vel e sua Interface com Doen\u00e7as Cr\u00f4nicas e Agravos n\u00e3o transmiss\u00edveis, na Universidade Federal do Acre. Estiveram presentes as Tutoras do Acre, Amazonas, Rond\u00f4nia e Roraima.<\/p>\n","protected":false},"author":1,"featured_media":504,"comment_status":"open","ping_status":"open","sticky":false,"template":"","format":"standard","meta":[],"categories":[11,7],"tags":[],"_links":{"self":[{"href":"https:\/\/ods.ufac.br\/index.php?rest_route=\/wp\/v2\/posts\/501"}],"collection":[{"href":"https:\/\/ods.ufac.br\/index.php?rest_route=\/wp\/v2\/posts"}],"about":[{"href":"https:\/\/ods.ufac.br\/index.php?rest_route=\/wp\/v2\/types\/post"}],"author":[{"embeddable":true,"href":"https:\/\/ods.ufac.br\/index.php?rest_route=\/wp\/v2\/users\/1"}],"replies":[{"embeddable":true,"href":"https:\/\/ods.ufac.br\/index.php?rest_route=%2Fwp%2Fv2%2Fcomments&post=501"}],"version-history":[{"count":3,"href":"https:\/\/ods.ufac.br\/index.php?rest_route=\/wp\/v2\/posts\/501\/revisions"}],"predecessor-version":[{"id":519,"href":"https:\/\/ods.ufac.br\/index.php?rest_route=\/wp\/v2\/posts\/501\/revisions\/519"}],"wp:featuredmedia":[{"embeddable":true,"href":"https:\/\/ods.ufac.br\/index.php?rest_route=\/wp\/v2\/media\/504"}],"wp:attachment":[{"href":"https:\/\/ods.ufac.br\/index.php?rest_route=%2Fwp%2Fv2%2Fmedia&parent=501"}],"wp:term":[{"taxonomy":"category","embeddable":true,"href":"https:\/\/ods.ufac.br\/index.php?rest_route=%2Fwp%2Fv2%2Fcategories&post=501"},{"taxonomy":"post_tag","embeddable":true,"href":"https:\/\/ods.ufac.br\/index.php?rest_route=%2Fwp%2Fv2%2Ftags&post=501"}],"curies":[{"name":"wp","href":"https:\/\/api.w.org\/{rel}","templated":true}]}}