{"id":498,"date":"2023-10-04T15:14:28","date_gmt":"2023-10-04T18:14:28","guid":{"rendered":"https:\/\/ods.ufac.br\/?p=498"},"modified":"2023-10-04T15:14:28","modified_gmt":"2023-10-04T18:14:28","slug":"curso-no-acre","status":"publish","type":"post","link":"https:\/\/ods.ufac.br\/?p=498","title":{"rendered":"Curso no Acre"},"content":{"rendered":"\n<p>Nos dias 27 e 28 de Junho, no Estado do Acre juntamente com as equipes dos estados de Amazonas, Roraima e Rond\u00f4nia ocorreu o Curso: Objetivos do Desenvolvimento Sustent\u00e1vel e sua Interface com Doen\u00e7as Cr\u00f4nicas e Agravos n\u00e3o transmiss\u00edveis. O curso foi realizado de forma presencial na Universidade Federal do Acre, sendo ofertado \u00e0 residentes do Programa de Resid\u00eancia Multiprofissional Integrada em Sa\u00fade da Fam\u00edlia e Comunidade &#8211; RMISFC, visando contribuir com a vigil\u00e2ncia de doen\u00e7as cr\u00f4nicas e agravos n\u00e3o transmiss\u00edveis no estado do Acre.<\/p>\n","protected":false},"excerpt":{"rendered":"<p>Nos dias 27 e 28 de Junho, no Estado do Acre juntamente com as equipes dos estados de Amazonas, Roraima e Rond\u00f4nia ocorreu o Curso: Objetivos do Desenvolvimento Sustent\u00e1vel e sua Interface com Doen\u00e7as Cr\u00f4nicas e Agravos n\u00e3o transmiss\u00edveis. O curso foi realizado de forma presencial na Universidade Federal do Acre, sendo ofertado \u00e0 residentes&hellip; <a class=\"more-link\" href=\"https:\/\/ods.ufac.br\/?p=498\">Continuar lendo <span class=\"screen-reader-text\">Curso no Acre<\/span><\/a><\/p>\n","protected":false},"author":1,"featured_media":499,"comment_status":"open","ping_status":"open","sticky":false,"template":"","format":"standard","meta":[],"categories":[11,7],"tags":[],"_links":{"self":[{"href":"https:\/\/ods.ufac.br\/index.php?rest_route=\/wp\/v2\/posts\/498"}],"collection":[{"href":"https:\/\/ods.ufac.br\/index.php?rest_route=\/wp\/v2\/posts"}],"about":[{"href":"https:\/\/ods.ufac.br\/index.php?rest_route=\/wp\/v2\/types\/post"}],"author":[{"embeddable":true,"href":"https:\/\/ods.ufac.br\/index.php?rest_route=\/wp\/v2\/users\/1"}],"replies":[{"embeddable":true,"href":"https:\/\/ods.ufac.br\/index.php?rest_route=%2Fwp%2Fv2%2Fcomments&post=498"}],"version-history":[{"count":1,"href":"https:\/\/ods.ufac.br\/index.php?rest_route=\/wp\/v2\/posts\/498\/revisions"}],"predecessor-version":[{"id":500,"href":"https:\/\/ods.ufac.br\/index.php?rest_route=\/wp\/v2\/posts\/498\/revisions\/500"}],"wp:featuredmedia":[{"embeddable":true,"href":"https:\/\/ods.ufac.br\/index.php?rest_route=\/wp\/v2\/media\/499"}],"wp:attachment":[{"href":"https:\/\/ods.ufac.br\/index.php?rest_route=%2Fwp%2Fv2%2Fmedia&parent=498"}],"wp:term":[{"taxonomy":"category","embeddable":true,"href":"https:\/\/ods.ufac.br\/index.php?rest_route=%2Fwp%2Fv2%2Fcategories&post=498"},{"taxonomy":"post_tag","embeddable":true,"href":"https:\/\/ods.ufac.br\/index.php?rest_route=%2Fwp%2Fv2%2Ftags&post=498"}],"curies":[{"name":"wp","href":"https:\/\/api.w.org\/{rel}","templated":true}]}}