{"id":489,"date":"2023-10-04T14:50:51","date_gmt":"2023-10-04T17:50:51","guid":{"rendered":"https:\/\/ods.ufac.br\/?p=489"},"modified":"2023-10-04T14:50:51","modified_gmt":"2023-10-04T17:50:51","slug":"curso-para-profissionais-da-area-da-saude-do-projeto-ods","status":"publish","type":"post","link":"https:\/\/ods.ufac.br\/?p=489","title":{"rendered":"Curso para Profissionais da \u00c1rea da Sa\u00fade do Projeto ODS"},"content":{"rendered":"\n<p>Curso para Profissionais de Sa\u00fade nas Capitais: Acre, Amazonas, Rond\u00f4nia e Roraima! \ud83e\ude7a<br>\ud83d\ude4b\ud83c\udffb\u200d\u2640\ufe0fEstamos empolgados em anunciar O Curso que faz parte do Projeto \u201cFortalecimento e interioriza\u00e7\u00e3o da agenda 2030 dos Objetivos do Desenvolvimento Sustent\u00e1vel (ODS) na Amaz\u00f4nia Legal\u201d \u00e9 um projeto da Secretaria de Vigil\u00e2ncia em Sa\u00fade (SVS) do Minist\u00e9rio da Sa\u00fade para monitorar 13 metas no ODS 3, al\u00e9m da participa\u00e7\u00e3o indireta em algumas metas dos ODS 5, 6 ,8, 11 e 16 da Agenda 2020-2030 dos ODS.<br>\ud83d\udcaa\ud83c\udffc O fortalecimento das mesmas, que possuem forte correla\u00e7\u00e3o com os indicadores de morbimortalidade monitorados pela \u00e1rea no Minist\u00e9rio da Sa\u00fade, \u00e9 uma a\u00e7\u00e3o direta para o fortalecimento da vigil\u00e2ncia de Doen\u00e7as e Agravos n\u00e3o Transmiss\u00edveis (DANT).<br>\u203c\ufe0fEste curso tem como objetivo Elaborar estrat\u00e9gias para interioriza\u00e7\u00e3o da pauta dos ODS nos \u00a0munic\u00edpios, com foco no fortalecimento da vigil\u00e2ncia de Doen\u00e7as e Agravos n\u00e3o Transmiss\u00edveis (DANT).<\/p>\n\n\n\n<p>A Universidade Federal do Acre (UFAC) \u00e9 respons\u00e1vel pela gest\u00e3o operacional e da execu\u00e7\u00e3o de desenvolvimento dessas estrat\u00e9gias nos estados do Acre, Amazonas, Rond\u00f4nia e Roraima, em articula\u00e7\u00e3o com as respectivas secret\u00e1rias estaduais de sa\u00fade dos estados contemplados no Projeto.<\/p>\n\n\n\n<p>TEM COMO OBJETIVO ELABORAR ESTRAT\u00c9GIAS PARA PROMOVER A IMPLEMENTA\u00c7\u00c3O DOS ODS NOS MUNICIPIOS, COM FOCO NA VIGILANCIA DE DANT. A UFAC \u00c9 RESPONS\u00c1VEL PELA GEST\u00c3O OPERACIONAL E DESENVOLVIMENTO DAS ESTRAT\u00c9GIAS NOS ESTADOS DO ACRE, AMAZONAS, ROND\u00d4NIA E RORAIMA, EM PARCERIA COM AS SECRETARIAS ESTADUAIS DE SA\u00daDE. <\/p>\n\n\n\n<p>O Curso \u00e9 semipresencial &#8211; CH 80h: 16 hs presencial e 64 hs EAD (com encontros virtuais 4hs semanais no periodo de 4 meses). Ser\u00e1 ofertado o certificado de Extens\u00e3o pela PROEX\/UFAC.<\/p>\n\n\n\n<p>\ud83d\udccd Locais: Capitais: Acre, Amazonas, Rond\u00f4nia e Roraima!<br>\ud83d\udcc5 Datas: no m\u00eas de Julho<br>\u23f0 Hor\u00e1rio: Das 8h \u00e0s 18h<\/p>\n\n\n\n<p>\ud83c\udf93 Certificado de participa\u00e7\u00e3o ser\u00e1 fornecido ao final do curso.<\/p>\n","protected":false},"excerpt":{"rendered":"<p>Curso para Profissionais de Sa\u00fade nas Capitais: Acre, Amazonas, Rond\u00f4nia e Roraima! \ud83e\ude7a\ud83d\ude4b\ud83c\udffb\u200d\u2640\ufe0fEstamos empolgados em anunciar O Curso que faz parte do Projeto \u201cFortalecimento e interioriza\u00e7\u00e3o da agenda 2030 dos Objetivos do Desenvolvimento Sustent\u00e1vel (ODS) na Amaz\u00f4nia Legal\u201d \u00e9 um projeto da Secretaria de Vigil\u00e2ncia em Sa\u00fade (SVS) do Minist\u00e9rio da Sa\u00fade para monitorar 13&hellip; <a class=\"more-link\" href=\"https:\/\/ods.ufac.br\/?p=489\">Continuar lendo <span class=\"screen-reader-text\">Curso para Profissionais da \u00c1rea da Sa\u00fade do Projeto ODS<\/span><\/a><\/p>\n","protected":false},"author":1,"featured_media":490,"comment_status":"open","ping_status":"open","sticky":false,"template":"","format":"standard","meta":[],"categories":[11,7],"tags":[],"_links":{"self":[{"href":"https:\/\/ods.ufac.br\/index.php?rest_route=\/wp\/v2\/posts\/489"}],"collection":[{"href":"https:\/\/ods.ufac.br\/index.php?rest_route=\/wp\/v2\/posts"}],"about":[{"href":"https:\/\/ods.ufac.br\/index.php?rest_route=\/wp\/v2\/types\/post"}],"author":[{"embeddable":true,"href":"https:\/\/ods.ufac.br\/index.php?rest_route=\/wp\/v2\/users\/1"}],"replies":[{"embeddable":true,"href":"https:\/\/ods.ufac.br\/index.php?rest_route=%2Fwp%2Fv2%2Fcomments&post=489"}],"version-history":[{"count":1,"href":"https:\/\/ods.ufac.br\/index.php?rest_route=\/wp\/v2\/posts\/489\/revisions"}],"predecessor-version":[{"id":491,"href":"https:\/\/ods.ufac.br\/index.php?rest_route=\/wp\/v2\/posts\/489\/revisions\/491"}],"wp:featuredmedia":[{"embeddable":true,"href":"https:\/\/ods.ufac.br\/index.php?rest_route=\/wp\/v2\/media\/490"}],"wp:attachment":[{"href":"https:\/\/ods.ufac.br\/index.php?rest_route=%2Fwp%2Fv2%2Fmedia&parent=489"}],"wp:term":[{"taxonomy":"category","embeddable":true,"href":"https:\/\/ods.ufac.br\/index.php?rest_route=%2Fwp%2Fv2%2Fcategories&post=489"},{"taxonomy":"post_tag","embeddable":true,"href":"https:\/\/ods.ufac.br\/index.php?rest_route=%2Fwp%2Fv2%2Ftags&post=489"}],"curies":[{"name":"wp","href":"https:\/\/api.w.org\/{rel}","templated":true}]}}